{"id":46295,"date":"2022-02-16T22:47:58","date_gmt":"2022-02-17T01:47:58","guid":{"rendered":"https:\/\/vocesparalelas.com.ar\/sitio\/?p=46295"},"modified":"2022-02-17T22:34:30","modified_gmt":"2022-02-18T01:34:30","slug":"sumate-al-ciclo-en-el-patio-en-el-chalet-cantoni","status":"publish","type":"post","link":"https:\/\/vocesparalelas.com.ar\/sitio\/sumate-al-ciclo-en-el-patio-en-el-chalet-cantoni\/","title":{"rendered":"Sumate al \u00abCiclo en el Patio\u201d en el Chalet Cantoni"},"content":{"rendered":"<p>El Viernes, 18 de Febrero, de 19 a 23 hs.,\u00a0el\u00a0\u201cChalet Cantoni. Casa de Industrias Creativas\u201d\u00a0abre sus puertas con el\u00a0\u201cCiclo en el Patio\u201d: un evento que re\u00fane actuaciones art\u00edsticas como musicales, esc\u00e9nicas, perform\u00e1ticas, live sessions, proyecciones, una feria tem\u00e1tica para circulaci\u00f3n y comercializaci\u00f3n de productos y un espacio de entrevistas.<\/p>\n<p>La propuesta es gratuita,\u00a0abierta a todo p\u00fablico\u00a0y tiene un formato de circulaci\u00f3n, permanencia y consumo de bienes culturales.<\/p>\n<p>El evento se realiza dos viernes al mes, es el puntapi\u00e9 para el inicio de actividades y una apuesta para comenzar a habitar este nuevo espacio de trabajo de las industrias creativas y culturales de la provincia.<\/p>\n<p>El di\u00e1logo con y entre las diferentes personas convocadas ronda sobre medios de producci\u00f3n, tem\u00e1ticas, g\u00e9neros, l\u00edneas de financiamiento, modos de circulaci\u00f3n, exhibici\u00f3n y comercializaci\u00f3n apostando a la colaboraci\u00f3n, interdisciplinariedad y fortalecimiento de las industrias creativas locales en conjunci\u00f3n con el sector tecnol\u00f3gico, empresarial y p\u00fablico en general.<\/p>\n<p>La convocatoria se realiza de manera abierta a partir de la base de datos de hacedores de la cultura registrados en el Registro \u00danico Tributario &#8211; RUC.<\/p>\n<p>Para la primera edici\u00f3n de este viernes, cuenta con la presencia de las bandas musicales Mundo Binario y Kbsonia, proyecciones sobre la fachada del chalet a cargo de\u00a0Juan Manuel Noguera, lectura de \u201cUn temporal\u201d a cargo de Ansilta Grizas, feria de ilustradores con la curadur\u00eda de Celeste Aires y entrevistas con emprendedores y artistas con Fabricio P\u00e9rez y D\u00e9bora Velasco como anfitriones.<\/p>\n<p><span style=\"color: #ff9900;\"><strong>Chalet Cantoni, Casa de Industrias Creativas<\/strong><\/span><\/p>\n<p>El hist\u00f3rico chalet Cantoni, ubicado en pleno centro urbano del departamento de Rivadavia,\u00a0est\u00e1 siendo restaurado en su interior y en los pr\u00f3ximos meses comenzar\u00e1 a funciona un amplio espacio de industrias creativas con el objetivo de diversificar la oferta cultural en toda la provincia.<\/p>\n<p>Este ambicioso proyecto fue ideado por el Ministerio de Turismo y Cultura a trav\u00e9s del Gobierno de San Juan.<\/p>\n<p>Dicho polo de industrias creativas que se instala tendr\u00e1 un acceso gratuito para todos los interesados y conformar\u00e1 un espacio de trabajo con m\u00faltiples funciones.<\/p>\n<p>Esta iniciativa tambi\u00e9n apunta a generar mayores posibilidades a los emprendedores sanjuaninos con el acceso a la formaci\u00f3n, capacitaci\u00f3n y apoyo t\u00e9cnico, el seguimiento supervisado de los proyectos por un grupo de mentores, e incluso el acompa\u00f1amiento en la b\u00fasqueda de fuentes de financiamiento, y la disponibilidad del equipamiento cultural y la promoci\u00f3n por parte del Gobierno local.<\/p>\n","protected":false},"excerpt":{"rendered":"<p>El Viernes, 18 de Febrero, de 19 a 23 hs.,\u00a0el\u00a0\u201cChalet Cantoni. Casa de Industrias Creativas\u201d\u00a0abre sus puertas con el\u00a0\u201cCiclo en<\/p>\n","protected":false},"author":3,"featured_media":46297,"comment_status":"closed","ping_status":"closed","sticky":false,"template":"","format":"standard","meta":{"_acf_changed":false,"_seopress_robots_primary_cat":"none","_seopress_titles_title":"","_seopress_titles_desc":"","_seopress_robots_index":"","colormag_page_container_layout":"default_layout","colormag_page_sidebar_layout":"default_layout","footnotes":""},"categories":[20],"tags":[],"class_list":["post-46295","post","type-post","status-publish","format-standard","has-post-thumbnail","hentry","category-cartelera"],"acf":[],"_links":{"self":[{"href":"https:\/\/vocesparalelas.com.ar\/sitio\/wp-json\/wp\/v2\/posts\/46295","targetHints":{"allow":["GET"]}}],"collection":[{"href":"https:\/\/vocesparalelas.com.ar\/sitio\/wp-json\/wp\/v2\/posts"}],"about":[{"href":"https:\/\/vocesparalelas.com.ar\/sitio\/wp-json\/wp\/v2\/types\/post"}],"author":[{"embeddable":true,"href":"https:\/\/vocesparalelas.com.ar\/sitio\/wp-json\/wp\/v2\/users\/3"}],"replies":[{"embeddable":true,"href":"https:\/\/vocesparalelas.com.ar\/sitio\/wp-json\/wp\/v2\/comments?post=46295"}],"version-history":[{"count":1,"href":"https:\/\/vocesparalelas.com.ar\/sitio\/wp-json\/wp\/v2\/posts\/46295\/revisions"}],"predecessor-version":[{"id":46298,"href":"https:\/\/vocesparalelas.com.ar\/sitio\/wp-json\/wp\/v2\/posts\/46295\/revisions\/46298"}],"wp:featuredmedia":[{"embeddable":true,"href":"https:\/\/vocesparalelas.com.ar\/sitio\/wp-json\/wp\/v2\/media\/46297"}],"wp:attachment":[{"href":"https:\/\/vocesparalelas.com.ar\/sitio\/wp-json\/wp\/v2\/media?parent=46295"}],"wp:term":[{"taxonomy":"category","embeddable":true,"href":"https:\/\/vocesparalelas.com.ar\/sitio\/wp-json\/wp\/v2\/categories?post=46295"},{"taxonomy":"post_tag","embeddable":true,"href":"https:\/\/vocesparalelas.com.ar\/sitio\/wp-json\/wp\/v2\/tags?post=46295"}],"curies":[{"name":"wp","href":"https:\/\/api.w.org\/{rel}","templated":true}]}}