{"id":46292,"date":"2022-02-16T22:01:01","date_gmt":"2022-02-17T01:01:01","guid":{"rendered":"https:\/\/vocesparalelas.com.ar\/sitio\/?p=46292"},"modified":"2022-02-17T22:31:59","modified_gmt":"2022-02-18T01:31:59","slug":"inscripcion-a-examenes-libres-2022-de-la-educacion-primaria-en-san-juan","status":"publish","type":"post","link":"https:\/\/vocesparalelas.com.ar\/sitio\/inscripcion-a-examenes-libres-2022-de-la-educacion-primaria-en-san-juan\/","title":{"rendered":"Inscripci\u00f3n a ex\u00e1menes libres 2022 de la Educaci\u00f3n Primaria en San Juan"},"content":{"rendered":"<p>La Direcci\u00f3n de Educaci\u00f3n Primaria del Ministerio de Educaci\u00f3n del Gobierno de San Juan convoca a inscripci\u00f3n para ex\u00e1menes libres Febrero 2022, de acuerdo al siguiente cronograma:<\/p>\n<p><span style=\"color: #33cccc;\"><strong>Inscripciones<\/strong><\/span><\/p>\n<p>17 y 18 de Febrero, de 8 a 13 horas<\/p>\n<p><span style=\"color: #33cccc;\"><strong>Requisitos<\/strong><\/span><\/p>\n<p>Iniciar expediente por Mesa de Entrada del Ministerio de Educaci\u00f3n, ubicada en 2 piso de Centro C\u00edvico, N\u00facleo 1, presentando la siguiente documentaci\u00f3n:<\/p>\n<ul>\n<li>Solicitud, puede ser escrita a mano, por los padres \/tutor o adulto responsable, indicando:\n<ul>\n<li>Nombre, apellido, DNI y grado del alumno<\/li>\n<\/ul>\n<\/li>\n<li>Fotocopia de cara y reverso del DNI del alumno.<\/li>\n<li>Fotocopia autenticada del Certificado de Unidad Pedag\u00f3gica 2020-2021 o DUE, que acredite que aprob\u00f3 el a\u00f1o anterior al que rendir\u00e1 libre.<\/li>\n<li>Correo o n\u00famero de contacto<\/li>\n<\/ul>\n<p><span style=\"color: #33cccc;\"><strong>Fecha de los ex\u00e1menes<\/strong><\/span><\/p>\n<p>Del 14 al 18 de Marzo de 2022, a partir de las 8 horas, en las Instituciones educativas que se informan previo a la evaluaci\u00f3n.<\/p>\n<p><span style=\"color: #33cccc;\"><strong>Modalidad<\/strong><\/span><\/p>\n<p>Escrita y oral.<\/p>\n<p><strong><span style=\"color: #33cccc;\">Consultas<\/span><\/strong><\/p>\n<p>Comunicarse el Martes, de 8 a 13 horas, al 4305795.<\/p>\n","protected":false},"excerpt":{"rendered":"<p>La Direcci\u00f3n de Educaci\u00f3n Primaria del Ministerio de Educaci\u00f3n del Gobierno de San Juan convoca a inscripci\u00f3n para ex\u00e1menes libres<\/p>\n","protected":false},"author":3,"featured_media":28629,"comment_status":"closed","ping_status":"closed","sticky":false,"template":"","format":"standard","meta":{"_acf_changed":false,"_seopress_robots_primary_cat":"none","_seopress_titles_title":"","_seopress_titles_desc":"","_seopress_robots_index":"","colormag_page_container_layout":"default_layout","colormag_page_sidebar_layout":"default_layout","footnotes":""},"categories":[5],"tags":[],"class_list":["post-46292","post","type-post","status-publish","format-standard","has-post-thumbnail","hentry","category-ofrecimientos"],"acf":[],"_links":{"self":[{"href":"https:\/\/vocesparalelas.com.ar\/sitio\/wp-json\/wp\/v2\/posts\/46292","targetHints":{"allow":["GET"]}}],"collection":[{"href":"https:\/\/vocesparalelas.com.ar\/sitio\/wp-json\/wp\/v2\/posts"}],"about":[{"href":"https:\/\/vocesparalelas.com.ar\/sitio\/wp-json\/wp\/v2\/types\/post"}],"author":[{"embeddable":true,"href":"https:\/\/vocesparalelas.com.ar\/sitio\/wp-json\/wp\/v2\/users\/3"}],"replies":[{"embeddable":true,"href":"https:\/\/vocesparalelas.com.ar\/sitio\/wp-json\/wp\/v2\/comments?post=46292"}],"version-history":[{"count":1,"href":"https:\/\/vocesparalelas.com.ar\/sitio\/wp-json\/wp\/v2\/posts\/46292\/revisions"}],"predecessor-version":[{"id":46294,"href":"https:\/\/vocesparalelas.com.ar\/sitio\/wp-json\/wp\/v2\/posts\/46292\/revisions\/46294"}],"wp:featuredmedia":[{"embeddable":true,"href":"https:\/\/vocesparalelas.com.ar\/sitio\/wp-json\/wp\/v2\/media\/28629"}],"wp:attachment":[{"href":"https:\/\/vocesparalelas.com.ar\/sitio\/wp-json\/wp\/v2\/media?parent=46292"}],"wp:term":[{"taxonomy":"category","embeddable":true,"href":"https:\/\/vocesparalelas.com.ar\/sitio\/wp-json\/wp\/v2\/categories?post=46292"},{"taxonomy":"post_tag","embeddable":true,"href":"https:\/\/vocesparalelas.com.ar\/sitio\/wp-json\/wp\/v2\/tags?post=46292"}],"curies":[{"name":"wp","href":"https:\/\/api.w.org\/{rel}","templated":true}]}}