{"id":46266,"date":"2022-02-15T21:30:54","date_gmt":"2022-02-16T00:30:54","guid":{"rendered":"https:\/\/vocesparalelas.com.ar\/sitio\/?p=46266"},"modified":"2022-02-15T21:30:54","modified_gmt":"2022-02-16T00:30:54","slug":"211-aniversario-del-natalicio-de-domingo-faustino-sarmiento","status":"publish","type":"post","link":"https:\/\/vocesparalelas.com.ar\/sitio\/211-aniversario-del-natalicio-de-domingo-faustino-sarmiento\/","title":{"rendered":"211\u00b0 Aniversario del natalicio de Domingo Faustino Sarmiento"},"content":{"rendered":"<p>Al conmemorarse un aniversario del natalicio de Domingo Faustino Sarmiento, el Archivo General de la Provincia distingui\u00f3 la efem\u00e9ride con la selecci\u00f3n de dos documentos, de la gran variedad e importantes documentos pertenecientes al patrimonio documental referido a nuestro pr\u00f3cer, incluyendo gran cantidad de bibliograf\u00eda y peri\u00f3dicos.<\/p>\n<p>Sarmiento naci\u00f3 en la provincia de San Juan un 15 de Febrero de 1811, en una casa humilde en el Barrio El Carrascal, sobre la calle que hoy d\u00eda lleva su nombre en su honor. Sus Padres Paula Zoila de Albarrac\u00edn e Irr\u00e1zabal; ella fue hilandera, tejedora, tintorera y bordadora. Su padre fue Jos\u00e9 Clemente Quiroga Sarmiento y Funes; que se desempe\u00f1\u00f3 como capit\u00e1n de milicias durante la Campa\u00f1a Sanmartiniana. Tuvo varios hermanos (14) de los cuales algunos, y en su mayor\u00eda murieron a corta edad. Las m\u00e1s reconocidas en nuestra provincia fueron Procesa (artista), Bienvenida (fue directora de varios colegios), Paula y Rosario (obreras en el bordado y tejido, etc.)<\/p>\n<p><img loading=\"lazy\" decoding=\"async\" class=\"alignnone size-full wp-image-41747\" src=\"https:\/\/vocesparalelas.com.ar\/sitio\/wp-content\/uploads\/2021\/09\/CASA-SARMIENTO-FRENTE-02.jpg\" alt=\"\" width=\"800\" height=\"533\" srcset=\"https:\/\/vocesparalelas.com.ar\/sitio\/wp-content\/uploads\/2021\/09\/CASA-SARMIENTO-FRENTE-02.jpg 800w, https:\/\/vocesparalelas.com.ar\/sitio\/wp-content\/uploads\/2021\/09\/CASA-SARMIENTO-FRENTE-02-300x200.jpg 300w, https:\/\/vocesparalelas.com.ar\/sitio\/wp-content\/uploads\/2021\/09\/CASA-SARMIENTO-FRENTE-02-768x512.jpg 768w\" sizes=\"auto, (max-width: 800px) 100vw, 800px\" \/><\/p>\n<p>Sus hijos fueron Ana Faustina Sarmiento y Domingo Fidel Sarmiento.<\/p>\n<p>Recordemos que Domingo tuvo varios cargos que desempe\u00f1o, tanto como maestro, profesor, escritor, periodista, militar, pol\u00edtico. En ese caso fue electo Gobernador de San Juan (1862 -1864), Presidente de nuestra Naci\u00f3n (1868 \u2013 1874) y Senador Nacional por San Juan (1874 \u2013 1879) y Ministro del Interior (1879). Sumado a sus ideales y escritos que divulgo por donde dio visita, exponiendo situaciones que a su parecer no eran correctas y fomentando siempre la educaci\u00f3n y el progreso, sobre todo de su tierra natal.<\/p>\n<p>Entre los documentos que se aprecian tienen que ver con una recopilaci\u00f3n durante el a\u00f1o 1862, de Leyes y Decretos de la Provincia. Uno de los primeros antecedentes en poner en orden el aspecto jur\u00eddico de San Juan. Y el otro documento hace referencia a un Decreto en el cual se declara oficial el Himno Nacional de Domingo Faustino Sarmiento, escrito por Segundino Navarro en 1904.<\/p>\n<p><span style=\"color: #3366ff;\"><strong>Referencias de fuentes<\/strong><\/span><\/p>\n<ul>\n<li>Fondo Hist\u00f3rico, Dpto. Archivo Hist\u00f3rico, Archivo General de la Provincia.<\/li>\n<\/ul>\n","protected":false},"excerpt":{"rendered":"<p>Al conmemorarse un aniversario del natalicio de Domingo Faustino Sarmiento, el Archivo General de la Provincia distingui\u00f3 la efem\u00e9ride con<\/p>\n","protected":false},"author":3,"featured_media":46268,"comment_status":"closed","ping_status":"closed","sticky":false,"template":"","format":"standard","meta":{"_acf_changed":false,"_seopress_robots_primary_cat":"none","_seopress_titles_title":"","_seopress_titles_desc":"","_seopress_robots_index":"","colormag_page_container_layout":"default_layout","colormag_page_sidebar_layout":"default_layout","footnotes":""},"categories":[1],"tags":[],"class_list":["post-46266","post","type-post","status-publish","format-standard","has-post-thumbnail","hentry","category-destacadas"],"acf":[],"_links":{"self":[{"href":"https:\/\/vocesparalelas.com.ar\/sitio\/wp-json\/wp\/v2\/posts\/46266","targetHints":{"allow":["GET"]}}],"collection":[{"href":"https:\/\/vocesparalelas.com.ar\/sitio\/wp-json\/wp\/v2\/posts"}],"about":[{"href":"https:\/\/vocesparalelas.com.ar\/sitio\/wp-json\/wp\/v2\/types\/post"}],"author":[{"embeddable":true,"href":"https:\/\/vocesparalelas.com.ar\/sitio\/wp-json\/wp\/v2\/users\/3"}],"replies":[{"embeddable":true,"href":"https:\/\/vocesparalelas.com.ar\/sitio\/wp-json\/wp\/v2\/comments?post=46266"}],"version-history":[{"count":1,"href":"https:\/\/vocesparalelas.com.ar\/sitio\/wp-json\/wp\/v2\/posts\/46266\/revisions"}],"predecessor-version":[{"id":46269,"href":"https:\/\/vocesparalelas.com.ar\/sitio\/wp-json\/wp\/v2\/posts\/46266\/revisions\/46269"}],"wp:featuredmedia":[{"embeddable":true,"href":"https:\/\/vocesparalelas.com.ar\/sitio\/wp-json\/wp\/v2\/media\/46268"}],"wp:attachment":[{"href":"https:\/\/vocesparalelas.com.ar\/sitio\/wp-json\/wp\/v2\/media?parent=46266"}],"wp:term":[{"taxonomy":"category","embeddable":true,"href":"https:\/\/vocesparalelas.com.ar\/sitio\/wp-json\/wp\/v2\/categories?post=46266"},{"taxonomy":"post_tag","embeddable":true,"href":"https:\/\/vocesparalelas.com.ar\/sitio\/wp-json\/wp\/v2\/tags?post=46266"}],"curies":[{"name":"wp","href":"https:\/\/api.w.org\/{rel}","templated":true}]}}