{"id":46255,"date":"2022-02-15T20:06:43","date_gmt":"2022-02-15T23:06:43","guid":{"rendered":"https:\/\/vocesparalelas.com.ar\/sitio\/?p=46255"},"modified":"2022-02-16T19:45:10","modified_gmt":"2022-02-16T22:45:10","slug":"horarios-de-vacunacion-en-los-departamentos-caucete-25-de-mayo-san-martin-angaco-y-valle-fertil-del-san-juan","status":"publish","type":"post","link":"https:\/\/vocesparalelas.com.ar\/sitio\/horarios-de-vacunacion-en-los-departamentos-caucete-25-de-mayo-san-martin-angaco-y-valle-fertil-del-san-juan\/","title":{"rendered":"Horarios de vacunaci\u00f3n en los Departamentos Caucete, 25 de Mayo, San Mart\u00edn, Angaco y Valle F\u00e9rtil del San Juan"},"content":{"rendered":"<p>La Zona Sanitaria II y las \u00e1reas program\u00e1ticas de los departamentos de Caucete, 25 de Mayo, San Mart\u00edn, Angaco y Valle F\u00e9rtil, del Ministerio de Salud P\u00fablica del Gobierno de San Juan informan a la comunidad los nuevos horarios de vacunaci\u00f3n en horario de ma\u00f1ana y durante la tarde los equipos de Salud realizan vacunaci\u00f3n en terreno<\/p>\n<p>Esto se lleva a la pr\u00e1ctica con el objetivo de llegar a mayor cantidad de poblaci\u00f3n y completar los esquemas de vacunaci\u00f3n de COVID-19 y del resto de las vacunas de calendario escolar.<\/p>\n<p><strong><span style=\"color: #ff0000;\">Centros de vacunaci\u00f3n<\/span><\/strong><\/p>\n<p><strong><span style=\"color: #ff0000;\">Departamento Caucete<\/span><\/strong><\/p>\n<ul>\n<li>La vacunaci\u00f3n del centro de vacunaci\u00f3n San isidro se traslada al Hospital Dr. Cesar Aguilar.<\/li>\n<li>Horario: de 8 a 13.<\/li>\n<li>Lugar: -Hospital de Dr. Cesar Aguilar y todo los CAPS.<\/li>\n<\/ul>\n<p><span style=\"color: #ff0000;\"><strong>Departamento 25 de Mayo<\/strong><\/span><\/p>\n<ul>\n<li>Horario: de 8 a13.<\/li>\n<li>Lugar: CIC Santa Rosa. Todo los CAPS.<\/li>\n<\/ul>\n<p><span style=\"color: #ff0000;\"><strong>Departamento San Mart\u00edn<\/strong><\/span><\/p>\n<ul>\n<li>Horario: de 8 a 13.<\/li>\n<li>Lugar: -Polideportivo Marta Orellano. Todo los CAPS.<\/li>\n<\/ul>\n<p><span style=\"color: #ff0000;\"><strong>Departamento Angaco<\/strong><\/span><\/p>\n<ul>\n<li>Horario: de 8 a13.<\/li>\n<li>Lugar: -Uni\u00f3n vecinal Villa del Salvado. Todo los CAPS<\/li>\n<\/ul>\n<p><span style=\"color: #ff0000;\"><strong>Departamento Valle F\u00e9rtil<\/strong><\/span><\/p>\n<ul>\n<li>Horario: de 8 a13.<\/li>\n<li>Lugar: -Hospital Dr. Alejandro Albarrac\u00edn. Todo los CAPS.<\/li>\n<\/ul>\n","protected":false},"excerpt":{"rendered":"<p>La Zona Sanitaria II y las \u00e1reas program\u00e1ticas de los departamentos de Caucete, 25 de Mayo, San Mart\u00edn, Angaco y<\/p>\n","protected":false},"author":3,"featured_media":38183,"comment_status":"closed","ping_status":"closed","sticky":false,"template":"","format":"standard","meta":{"_acf_changed":false,"_seopress_robots_primary_cat":"none","_seopress_titles_title":"","_seopress_titles_desc":"","_seopress_robots_index":"","colormag_page_container_layout":"default_layout","colormag_page_sidebar_layout":"default_layout","footnotes":""},"categories":[6],"tags":[],"class_list":["post-46255","post","type-post","status-publish","format-standard","has-post-thumbnail","hentry","category-eventos"],"acf":[],"_links":{"self":[{"href":"https:\/\/vocesparalelas.com.ar\/sitio\/wp-json\/wp\/v2\/posts\/46255","targetHints":{"allow":["GET"]}}],"collection":[{"href":"https:\/\/vocesparalelas.com.ar\/sitio\/wp-json\/wp\/v2\/posts"}],"about":[{"href":"https:\/\/vocesparalelas.com.ar\/sitio\/wp-json\/wp\/v2\/types\/post"}],"author":[{"embeddable":true,"href":"https:\/\/vocesparalelas.com.ar\/sitio\/wp-json\/wp\/v2\/users\/3"}],"replies":[{"embeddable":true,"href":"https:\/\/vocesparalelas.com.ar\/sitio\/wp-json\/wp\/v2\/comments?post=46255"}],"version-history":[{"count":1,"href":"https:\/\/vocesparalelas.com.ar\/sitio\/wp-json\/wp\/v2\/posts\/46255\/revisions"}],"predecessor-version":[{"id":46257,"href":"https:\/\/vocesparalelas.com.ar\/sitio\/wp-json\/wp\/v2\/posts\/46255\/revisions\/46257"}],"wp:featuredmedia":[{"embeddable":true,"href":"https:\/\/vocesparalelas.com.ar\/sitio\/wp-json\/wp\/v2\/media\/38183"}],"wp:attachment":[{"href":"https:\/\/vocesparalelas.com.ar\/sitio\/wp-json\/wp\/v2\/media?parent=46255"}],"wp:term":[{"taxonomy":"category","embeddable":true,"href":"https:\/\/vocesparalelas.com.ar\/sitio\/wp-json\/wp\/v2\/categories?post=46255"},{"taxonomy":"post_tag","embeddable":true,"href":"https:\/\/vocesparalelas.com.ar\/sitio\/wp-json\/wp\/v2\/tags?post=46255"}],"curies":[{"name":"wp","href":"https:\/\/api.w.org\/{rel}","templated":true}]}}