{"id":46249,"date":"2022-02-15T19:04:43","date_gmt":"2022-02-15T22:04:43","guid":{"rendered":"https:\/\/vocesparalelas.com.ar\/sitio\/?p=46249"},"modified":"2022-02-15T19:04:43","modified_gmt":"2022-02-15T22:04:43","slug":"obtuvo-mas-de-13-millones-para-proyectos-de-extension-la-unsj","status":"publish","type":"post","link":"https:\/\/vocesparalelas.com.ar\/sitio\/obtuvo-mas-de-13-millones-para-proyectos-de-extension-la-unsj\/","title":{"rendered":"Obtuvo m\u00e1s de 13 millones para proyectos de extensi\u00f3n la UNSJ"},"content":{"rendered":"<p>Con una asignaci\u00f3n total de $ 13.165.112, la Universidad Nacional de San Juan se ubic\u00f3 en el segundo lugar, detr\u00e1s de La Plata, en el \u201cranking\u201d de universidades nacionales que respondieron a la convocatoria Universidad, Cultura y Territorio, realizada por la Secretar\u00eda de Pol\u00edticas Universitarias de la Naci\u00f3n.<\/p>\n<p>De un total de 34\u00a0proyectos presentados por las diferentes unidades acad\u00e9micas, obtuvieron financiamiento 28, lo que constituye un excelente desempe\u00f1o del trabajo de los extensionistas locales. Temas de salud, tecnolog\u00eda, m\u00fasica, deporte y ambiente, entre otros, conforman el listado de 28 proyectos, que deber\u00e1n ejecutarse en 12 meses, a cuyo t\u00e9rmino deber\u00e1n realizar la correspondiente rendici\u00f3n de gastos.<\/p>\n<p>La UNSJ tiene una fecunda actividad de extensi\u00f3n, tarea con profundo arraigo y reconocimiento tanto entre docentes como estudiantes, investigadores y personal nodocente.<\/p>\n<p>En el adjunto se incluye la lista con los proyectos aprobados.<\/p>\n<p><a href=\"https:\/\/vocesparalelas.com.ar\/sitio\/wp-content\/uploads\/2022\/02\/Proyectos_Extension_UNSJ_5993_056.xlsx\">Proyectos_Extensi\u00f3n_UNSJ_5993_056<\/a><\/p>\n","protected":false},"excerpt":{"rendered":"<p>Con una asignaci\u00f3n total de $ 13.165.112, la Universidad Nacional de San Juan se ubic\u00f3 en el segundo lugar, detr\u00e1s<\/p>\n","protected":false},"author":3,"featured_media":41584,"comment_status":"closed","ping_status":"closed","sticky":false,"template":"","format":"standard","meta":{"_acf_changed":false,"_seopress_robots_primary_cat":"none","_seopress_titles_title":"","_seopress_titles_desc":"","_seopress_robots_index":"","colormag_page_container_layout":"default_layout","colormag_page_sidebar_layout":"default_layout","footnotes":""},"categories":[1],"tags":[],"class_list":["post-46249","post","type-post","status-publish","format-standard","has-post-thumbnail","hentry","category-destacadas"],"acf":[],"_links":{"self":[{"href":"https:\/\/vocesparalelas.com.ar\/sitio\/wp-json\/wp\/v2\/posts\/46249","targetHints":{"allow":["GET"]}}],"collection":[{"href":"https:\/\/vocesparalelas.com.ar\/sitio\/wp-json\/wp\/v2\/posts"}],"about":[{"href":"https:\/\/vocesparalelas.com.ar\/sitio\/wp-json\/wp\/v2\/types\/post"}],"author":[{"embeddable":true,"href":"https:\/\/vocesparalelas.com.ar\/sitio\/wp-json\/wp\/v2\/users\/3"}],"replies":[{"embeddable":true,"href":"https:\/\/vocesparalelas.com.ar\/sitio\/wp-json\/wp\/v2\/comments?post=46249"}],"version-history":[{"count":2,"href":"https:\/\/vocesparalelas.com.ar\/sitio\/wp-json\/wp\/v2\/posts\/46249\/revisions"}],"predecessor-version":[{"id":46253,"href":"https:\/\/vocesparalelas.com.ar\/sitio\/wp-json\/wp\/v2\/posts\/46249\/revisions\/46253"}],"wp:featuredmedia":[{"embeddable":true,"href":"https:\/\/vocesparalelas.com.ar\/sitio\/wp-json\/wp\/v2\/media\/41584"}],"wp:attachment":[{"href":"https:\/\/vocesparalelas.com.ar\/sitio\/wp-json\/wp\/v2\/media?parent=46249"}],"wp:term":[{"taxonomy":"category","embeddable":true,"href":"https:\/\/vocesparalelas.com.ar\/sitio\/wp-json\/wp\/v2\/categories?post=46249"},{"taxonomy":"post_tag","embeddable":true,"href":"https:\/\/vocesparalelas.com.ar\/sitio\/wp-json\/wp\/v2\/tags?post=46249"}],"curies":[{"name":"wp","href":"https:\/\/api.w.org\/{rel}","templated":true}]}}