{"id":46226,"date":"2022-02-14T21:57:58","date_gmt":"2022-02-15T00:57:58","guid":{"rendered":"https:\/\/vocesparalelas.com.ar\/sitio\/?p=46226"},"modified":"2022-02-15T21:31:44","modified_gmt":"2022-02-16T00:31:44","slug":"san-juan-recibe-138-085-textos-de-matematica-y-practicas-del-lenguaje-de-libros-para-aprender","status":"publish","type":"post","link":"https:\/\/vocesparalelas.com.ar\/sitio\/san-juan-recibe-138-085-textos-de-matematica-y-practicas-del-lenguaje-de-libros-para-aprender\/","title":{"rendered":"San Juan recibe 138.085 textos de Matem\u00e1tica y Pr\u00e1cticas del Lenguaje de Libros para Aprender"},"content":{"rendered":"<p>En el marco del programa Libros para Aprender, la Ministro de Educaci\u00f3n del Gobierno de San Juan, Prof. Cecilia Trincado Moncho, particip\u00f3 en el recorrido que encabez\u00f3 el ministro de Educaci\u00f3n de la Naci\u00f3n, Lic.\u00a0 Jaime Percyk, junto a vicegobernadores y referentes educativos de las 24 jurisdicciones por las instalaciones de Envaplast, donde se realiza el paletizado y picking de los textos del programa \u201cLibros para Aprender\u201d, que se enviar\u00e1n a las escuelas primarias de cada una de las provincias.<\/p>\n<p>Envaplast es una empresa con 40 a\u00f1os de trayectoria en consolidaci\u00f3n, log\u00edstica y distribuci\u00f3n de libros y materiales.<\/p>\n<p>San Juan recibir\u00e1 138.085 ejemplares para los estudiantes primarios de gesti\u00f3n estatal y privada cuota cero. Los alumnos recibir\u00e1n un libro de Lengua y otro de Matem\u00e1tica para que trabajen en ellos. Tambi\u00e9n los docentes recibir\u00e1n un texto. La idea es que los chicos sigan trabajando con el libro en casa, es una extensi\u00f3n para que los padres tambi\u00e9n se involucren acompa\u00f1ando a los chicos en su aprendizaje.<\/p>\n<p><span style=\"color: #339966;\"><strong>Libros para Aprender<\/strong><\/span><\/p>\n<p>Es un programa de alcance federal para fortalecer el v\u00ednculo pedag\u00f3gico de ni\u00f1as y ni\u00f1os con los libros, con la distribuci\u00f3n de textos para las asignaturas: Matem\u00e1tica, Pr\u00e1cticas del Lenguaje y una publicaci\u00f3n de \u00e1reas integradas de acuerdo a la selecci\u00f3n hecha por cada jurisdicci\u00f3n.<\/p>\n<p>La selecci\u00f3n de libros fue realizada a trav\u00e9s de dos instancias: la Comisi\u00f3n Asesora Nacional &#8211; CAN -, conformada por especialistas de las 24 jurisdicciones, realiz\u00f3 la recomendaci\u00f3n de los t\u00edtulos y la Comisi\u00f3n Asesora Provincial &#8211; CAP -, conformada en cada jurisdicci\u00f3n, seleccion\u00f3 una serie de t\u00edtulos entre los recomendados. Esta pol\u00edtica de distribuci\u00f3n de libros con modalidad uno a uno ayuda a sostener a 1.200 trabajadores en relaci\u00f3n de dependencia y 1.300 colaboradores profesionales contratados al a\u00f1o en la industria editorial.<\/p>\n<p>Se distribuir\u00e1n 8.247.400 de libros a estudiantes de primaria y docentes de las 24 jurisdicciones, con una inversi\u00f3n de m\u00e1s de seis mil millones de pesos, el Ministerio de Educaci\u00f3n llegar\u00e1 a m\u00e1s de 3 millones de estudiantes de 18.849 escuelas p\u00fablicas de gesti\u00f3n estatal, privadas de cuota cero y privadas de oferta \u00fanica de todo el pa\u00eds.<\/p>\n<p>&nbsp;<\/p>\n<p>&nbsp;<\/p>\n<p>&nbsp;<\/p>\n","protected":false},"excerpt":{"rendered":"<p>En el marco del programa Libros para Aprender, la Ministro de Educaci\u00f3n del Gobierno de San Juan, Prof. Cecilia Trincado<\/p>\n","protected":false},"author":3,"featured_media":46228,"comment_status":"closed","ping_status":"closed","sticky":false,"template":"","format":"standard","meta":{"_acf_changed":false,"_seopress_robots_primary_cat":"none","_seopress_titles_title":"","_seopress_titles_desc":"","_seopress_robots_index":"","colormag_page_container_layout":"default_layout","colormag_page_sidebar_layout":"default_layout","footnotes":""},"categories":[6],"tags":[],"class_list":["post-46226","post","type-post","status-publish","format-standard","has-post-thumbnail","hentry","category-eventos"],"acf":[],"_links":{"self":[{"href":"https:\/\/vocesparalelas.com.ar\/sitio\/wp-json\/wp\/v2\/posts\/46226","targetHints":{"allow":["GET"]}}],"collection":[{"href":"https:\/\/vocesparalelas.com.ar\/sitio\/wp-json\/wp\/v2\/posts"}],"about":[{"href":"https:\/\/vocesparalelas.com.ar\/sitio\/wp-json\/wp\/v2\/types\/post"}],"author":[{"embeddable":true,"href":"https:\/\/vocesparalelas.com.ar\/sitio\/wp-json\/wp\/v2\/users\/3"}],"replies":[{"embeddable":true,"href":"https:\/\/vocesparalelas.com.ar\/sitio\/wp-json\/wp\/v2\/comments?post=46226"}],"version-history":[{"count":1,"href":"https:\/\/vocesparalelas.com.ar\/sitio\/wp-json\/wp\/v2\/posts\/46226\/revisions"}],"predecessor-version":[{"id":46229,"href":"https:\/\/vocesparalelas.com.ar\/sitio\/wp-json\/wp\/v2\/posts\/46226\/revisions\/46229"}],"wp:featuredmedia":[{"embeddable":true,"href":"https:\/\/vocesparalelas.com.ar\/sitio\/wp-json\/wp\/v2\/media\/46228"}],"wp:attachment":[{"href":"https:\/\/vocesparalelas.com.ar\/sitio\/wp-json\/wp\/v2\/media?parent=46226"}],"wp:term":[{"taxonomy":"category","embeddable":true,"href":"https:\/\/vocesparalelas.com.ar\/sitio\/wp-json\/wp\/v2\/categories?post=46226"},{"taxonomy":"post_tag","embeddable":true,"href":"https:\/\/vocesparalelas.com.ar\/sitio\/wp-json\/wp\/v2\/tags?post=46226"}],"curies":[{"name":"wp","href":"https:\/\/api.w.org\/{rel}","templated":true}]}}