{"id":46218,"date":"2022-02-14T20:40:34","date_gmt":"2022-02-14T23:40:34","guid":{"rendered":"https:\/\/vocesparalelas.com.ar\/sitio\/?p=46218"},"modified":"2022-02-15T00:47:36","modified_gmt":"2022-02-15T03:47:36","slug":"reciclado-y-recuperacion-de-caucho-en-proyectos-mineros-de-san-juan","status":"publish","type":"post","link":"https:\/\/vocesparalelas.com.ar\/sitio\/reciclado-y-recuperacion-de-caucho-en-proyectos-mineros-de-san-juan\/","title":{"rendered":"Reciclado y recuperaci\u00f3n de caucho en proyectos mineros de San Juan"},"content":{"rendered":"<p>El Gobierno de San Juan, a trav\u00e9s del Ministerio de Miner\u00eda, en conjunto con otras \u00e1reas del Estado como la Secretar\u00eda de Ambiente y Desarrollo Sustentable, promueve\u00a0la correcta administraci\u00f3n de los residuos como uno de los pilares fundamentales de la gesti\u00f3n ambiental en toda la provincia.<\/p>\n<p>Por este motivo el ministro de Miner\u00eda, Ing. Carlos Astudillo, se reuni\u00f3 con Sergio Spadone de Indram y Pablo Ramos de CAMC Argentina para conocer en detalle c\u00f3mo avanza la recuperaci\u00f3n y reciclado de los neum\u00e1ticos en los dos principales proyectos mineros de la provincia.<\/p>\n<p><img loading=\"lazy\" decoding=\"async\" class=\"alignnone size-large wp-image-46220\" src=\"https:\/\/vocesparalelas.com.ar\/sitio\/wp-content\/uploads\/2022\/02\/MINERIA-DESHECHOS-01-800x450.jpg\" alt=\"\" width=\"800\" height=\"450\" srcset=\"https:\/\/vocesparalelas.com.ar\/sitio\/wp-content\/uploads\/2022\/02\/MINERIA-DESHECHOS-01-800x450.jpg 800w, https:\/\/vocesparalelas.com.ar\/sitio\/wp-content\/uploads\/2022\/02\/MINERIA-DESHECHOS-01-300x169.jpg 300w, https:\/\/vocesparalelas.com.ar\/sitio\/wp-content\/uploads\/2022\/02\/MINERIA-DESHECHOS-01-768x432.jpg 768w, https:\/\/vocesparalelas.com.ar\/sitio\/wp-content\/uploads\/2022\/02\/MINERIA-DESHECHOS-01.jpg 1024w\" sizes=\"auto, (max-width: 800px) 100vw, 800px\" \/><\/p>\n<p>Adem\u00e1s, se brind\u00f3 informaci\u00f3n de c\u00f3mo se realiza el proceso de tratamiento de neum\u00e1ticos fuera de uso de la mina Veladero. Estos trabajos se realizan en una primera instancia en el yacimiento donde se extraen los aros de acero y se reduce su tama\u00f1o, para posteriormente ser trasladados al Parque Industrial Tecnol\u00f3gico Ambiental Regional &#8211; PITAR -, y continuar con su reciclado.<\/p>\n<p>En este sentido el titular de la cartera minera expres\u00f3 que \u201cestamos contentos de ver el avance de los trabajos de recuperaci\u00f3n. Nuestro trabajo adem\u00e1s de promover la actividad minera es velar porque el desarrollo de la misma y se haga con las correctas pr\u00e1cticas ambientales y los recursos naturales sean aprovechados sin da\u00f1ar nuestro territorio.\u00a0Eso implica adem\u00e1s de la producci\u00f3n en s\u00ed, el cuidado de los trabajadores y la sociedad en su conjunto\u201d.<\/p>\n<p>Por su parte Sergio Spadone manifest\u00f3 la importancia de poder radicarse en San Juan a trav\u00e9s del PITAR, \u201cLa verdad que como empresarios del rubro que se impulsen este tipo de pol\u00edticas es algo muy valioso, de nuestra parte vamos aportar nuestro grano de arena para afianzar el parque como modelo nacional.\u00a0 Adem\u00e1s de que es nuestro objetivo tambi\u00e9n trabajar para bajar la huella de carb\u00f3n en San Juan y en todo el mundo, la recuperaci\u00f3n de materiales que permitan el cuidado del medio ambiente\u201d.<\/p>\n<p>El PITAR fue impulsado durante la actual gesti\u00f3n de gobierno y promueve la radicaci\u00f3n de empresas o emprendimientos productivos, cuyo principal insumo o materia prima surgir\u00e1 de la recuperaci\u00f3n de materiales, obtenidos mediante el proceso de separaci\u00f3n y clasificaci\u00f3n de Residuos S\u00f3lidos Urbanos.<\/p>\n<p>&nbsp;<\/p>\n<p>&nbsp;<\/p>\n","protected":false},"excerpt":{"rendered":"<p>El Gobierno de San Juan, a trav\u00e9s del Ministerio de Miner\u00eda, en conjunto con otras \u00e1reas del Estado como la<\/p>\n","protected":false},"author":3,"featured_media":46221,"comment_status":"closed","ping_status":"closed","sticky":false,"template":"","format":"standard","meta":{"_acf_changed":false,"_seopress_robots_primary_cat":"none","_seopress_titles_title":"","_seopress_titles_desc":"","_seopress_robots_index":"","colormag_page_container_layout":"default_layout","colormag_page_sidebar_layout":"default_layout","footnotes":""},"categories":[6],"tags":[],"class_list":["post-46218","post","type-post","status-publish","format-standard","has-post-thumbnail","hentry","category-eventos"],"acf":[],"_links":{"self":[{"href":"https:\/\/vocesparalelas.com.ar\/sitio\/wp-json\/wp\/v2\/posts\/46218","targetHints":{"allow":["GET"]}}],"collection":[{"href":"https:\/\/vocesparalelas.com.ar\/sitio\/wp-json\/wp\/v2\/posts"}],"about":[{"href":"https:\/\/vocesparalelas.com.ar\/sitio\/wp-json\/wp\/v2\/types\/post"}],"author":[{"embeddable":true,"href":"https:\/\/vocesparalelas.com.ar\/sitio\/wp-json\/wp\/v2\/users\/3"}],"replies":[{"embeddable":true,"href":"https:\/\/vocesparalelas.com.ar\/sitio\/wp-json\/wp\/v2\/comments?post=46218"}],"version-history":[{"count":1,"href":"https:\/\/vocesparalelas.com.ar\/sitio\/wp-json\/wp\/v2\/posts\/46218\/revisions"}],"predecessor-version":[{"id":46222,"href":"https:\/\/vocesparalelas.com.ar\/sitio\/wp-json\/wp\/v2\/posts\/46218\/revisions\/46222"}],"wp:featuredmedia":[{"embeddable":true,"href":"https:\/\/vocesparalelas.com.ar\/sitio\/wp-json\/wp\/v2\/media\/46221"}],"wp:attachment":[{"href":"https:\/\/vocesparalelas.com.ar\/sitio\/wp-json\/wp\/v2\/media?parent=46218"}],"wp:term":[{"taxonomy":"category","embeddable":true,"href":"https:\/\/vocesparalelas.com.ar\/sitio\/wp-json\/wp\/v2\/categories?post=46218"},{"taxonomy":"post_tag","embeddable":true,"href":"https:\/\/vocesparalelas.com.ar\/sitio\/wp-json\/wp\/v2\/tags?post=46218"}],"curies":[{"name":"wp","href":"https:\/\/api.w.org\/{rel}","templated":true}]}}