{"id":46215,"date":"2022-02-14T19:53:34","date_gmt":"2022-02-14T22:53:34","guid":{"rendered":"https:\/\/vocesparalelas.com.ar\/sitio\/?p=46215"},"modified":"2022-02-14T23:33:35","modified_gmt":"2022-02-15T02:33:35","slug":"4-dosis-de-la-vacuna-sinopharm-contra-el-covid-19-para-mayores-de-50-anos-en-argentina","status":"publish","type":"post","link":"https:\/\/vocesparalelas.com.ar\/sitio\/4-dosis-de-la-vacuna-sinopharm-contra-el-covid-19-para-mayores-de-50-anos-en-argentina\/","title":{"rendered":"4\u00b0 dosis de la vacuna Sinopharm contra el COVID-19 para mayores de 50 a\u00f1os en Argentina"},"content":{"rendered":"<p class=\"paragraph\">A nivel mundial, el 55% de la poblaci\u00f3n recibi\u00f3 el esquema completo de vacunaci\u00f3n contra el COVID-19. En la Argentina, m\u00e1s del 78% de la poblaci\u00f3n general ya accedi\u00f3 a ese esquema primario al aplicarse las dos dosis de vacunas. Adem\u00e1s el 33,1% recibi\u00f3 una tercera dosis como refuerzo o como adicional.\u00a0En marzo pr\u00f3ximo, se empezar\u00e1 a aplicar una cuarta dosis solo en las personas que han recibido la dosis adicional, seg\u00fan el plan estrat\u00e9gico de vacunaci\u00f3n del Ministerio de Salud de la Naci\u00f3n.<\/p>\n<p class=\"paragraph\">Esa cuarta dosis ya se hab\u00eda establecido para un grupo espec\u00edfico de la poblaci\u00f3n en el pa\u00eds.\u00a0En noviembre pasado, la cartera de Salud hab\u00eda especificado en los lineamientos de vacunaci\u00f3n que se iba a dar una dosis adicional como parte del esquema primario, cuando la respuesta inmune inicial fuera \u201cprobablemente insuficiente\u201d.<\/p>\n<p>Dentro del grupo de los que han recibido la tercera dosis como adicional, est\u00e1n las personas con inmunocompromiso. Se incluy\u00f3 a las personas en tratamiento oncol\u00f3gico para tumores s\u00f3lidos y onco-hematol\u00f3gicos, las que han recibido un trasplante de \u00f3rgano s\u00f3lido en tratamiento inmunosupresor, y las que recibieron trasplante de c\u00e9lulas progenitoras hematopoy\u00e9ticas en los \u00faltimos 2 a\u00f1os o en tratamiento inmunosupresor.<\/p>\n<p>Tambi\u00e9n dentro del grupo de los que recibieron la dosis adicional est\u00e1n las personas con inmunodeficiencia primaria moderada o grave, personas que viven con VIH independientemente del recuento de CD4 y niveles de carga viral, personas en tratamiento activo con corticosteroides en dosis altas o medicaci\u00f3n inmunosupresora, con insuficiencia renal cr\u00f3nica en hemodi\u00e1lisis, con enfermedades autoinmunes y\/o tratamientos con inmunosupresores, inmunomoduladores o biol\u00f3gicos.<\/p>\n<p>Se incluy\u00f3 tambi\u00e9n en el grupo de dosis adicional a las personas de 50 a\u00f1os o mayores que hab\u00edan recibido un esquema primario de vacuna a virus inactivado, como la desarrollada por Sinopharm.<\/p>\n<p>Despu\u00e9s de los cuatro meses de haber recibido la dosis adicional, ese grupo de personas acceder\u00e1 entonces a la cuarta dosis que cumple la funci\u00f3n de dosis de refuerzo como se viene dando en el resto de la poblaci\u00f3n.<\/p>\n<p>\u201cLas \u00fanicas personas que recibir\u00edan una cuarta dosis son aquellos que por indicaci\u00f3n recibieron dosis adicional en noviembre o en diciembre. Es decir, lo que reciben es el refuerzo pasado cuatro meses de la dosis adicional\u201d, dijo hoy a Infobae Juan Manuel Castelli, Subsecretario de Estrategias Sanitarias del Ministerio de Salud de la Naci\u00f3n y a cargo del plan de vacunaci\u00f3n. En marzo, se cumplir\u00e1n los 4 meses de intervalo para las personas que recibieron la dosis adicional en noviembre.<\/p>\n<p>La \u201cdosis de refuerzo\u201d para COVID-19 se aplica por una raz\u00f3n diferente a la \u201cdosis adicional\u201d. Seg\u00fan la cartera de Salud, el refuerzo (o \u201cbooster\u201d) se administra luego del esquema primario con respuesta inmunol\u00f3gica inicial suficiente. Tiene en cuenta la posible disminuci\u00f3n de la respuesta en el transcurso del tiempo. En el pa\u00eds, otras vacunas tambi\u00e9n implican la aplicaci\u00f3n de dosis de refuerzo como por ejemplo la triple viral y la doble bacteriana.<\/p>\n<p>Las tercera dosis -tanto las que se aplican como adicionales como las de refuerzo- se hab\u00edan empezado a dar en noviembre pasado. De a poco, las terceras dosis pasaron a ser la mayor\u00eda de las dosis semanales del plan de vacunaci\u00f3n. En la primera semana de enero pasado, el 64% del total aplicado se us\u00f3 como adicional o como refuerzo. En la \u00faltima semana de enero, la proporci\u00f3n de aplicaciones de la tercera dosis (incluyendo las dosis como adicionales y las de refuerzo) pas\u00f3 a ser el 69%.<\/p>\n<p>En diciembre pasado el Ministerio de Salud con el Consejo Federal de Salud -que forman las autoridades sanitarias de las 24 jurisdicciones- consensuaron la aplicaci\u00f3n de las terceras dosis como refuerzo con un intervalo m\u00ednimo de 4 meses de haber completado su esquema inicial. Durante enero, la aplicaci\u00f3n de la tercera dosis como refuerzo empez\u00f3 en los grupos sin factores de riesgo.<\/p>\n<p>La Dra. Andrea Uboldi, vicepresidenta de la Sociedad Argentina de Vacunolog\u00eda y miembro de la Comisi\u00f3n Nacional de Inmunizaciones (CONaIN), coment\u00f3 que \u00ablos que recibieron la dosis adicional como los inmunocomprometidos y los mayores de 50 que hab\u00eda recibido las dos dosis del esquema primario de Sinopharm tienen que recibir la dosis de refuerzo como cuarta dosis. Es decir, deben recibir la dosis de refuerzo cuatro meses despu\u00e9s de haber recibido la dosis adicional\u201d.<\/p>\n<p><strong><span style=\"color: #ff0000;\">\u00bfDeber\u00eda aplicarse una cuarta dosis en el resto de la poblaci\u00f3n?<\/span><\/strong><\/p>\n<p>En el futuro, seg\u00fan la doctora Uboldi, se plantear\u00e1 la cuesti\u00f3n sobre si toda la poblaci\u00f3n tendr\u00e1 que recibir una cuarta dosis. \u201cSe abre la pregunta sobre si el resto de la poblaci\u00f3n tambi\u00e9n tiene o no que recibir un segundo refuerzo (cuarta dosis). Quiz\u00e1 hay que revisar si ser\u00e1 las mismas vacunas que se dan ahora o si tendr\u00e1n en cuenta a las variantes. Tambi\u00e9n hay que revisar si ser\u00e1n para toda la poblaci\u00f3n o si ser\u00e1 en un modelo como el de la vacunaci\u00f3n contra la gripe. En este caso, anualmente la vacuna es obligatoria para los grupos con mayor riesgo de complicaciones para la gripe o con mayor exposici\u00f3n como el personal de la salud. Tambi\u00e9n implica pensar si se van a usar las mismas vacunas monovalente como cuarta dosis de refuerzo en el futuro o si se podr\u00e1 combinar con la vacuna antigripal\u201d.<\/p>\n<p>En Suecia, las autoridades sanitarias recomendaron hoy la inoculaci\u00f3n de una cuarta dosis de vacuna contra el COVID-19 a todas las personas mayores de 80 a\u00f1os, as\u00ed como para quienes residan en hogares para ancianos al margen de su edad.<\/p>\n<p>Otros pa\u00edses, como Israel, Dinamarca y Espa\u00f1a tambi\u00e9n han anunciado que implementar\u00e1n una cuarta dosis para personas vulnerables y\/o mayores. No obstante, Dinamarca dej\u00f3 claro el viernes pasado que no proyecta inocular con una cuarta a otros grupos de su poblaci\u00f3n, ni tampoco una tercera a los menores de 18 a\u00f1os.<\/p>\n<p>\u201cAun no se sabe si conviene aplicar una cuarta dosis de vacuna contra el COVID-19 en el resto de la poblaci\u00f3n en Argentina\u2033, dijo a Infobae la m\u00e9dica infect\u00f3loga Liliana V\u00e1zquez, miembro de la Sociedad Argentina de Infectolog\u00eda y m\u00e9dica infect\u00f3loga de la Cl\u00ednica Maternidad Suizo Argentina y el Sanatorio Finochietto.<\/p>\n<p>\u201cEn otros pa\u00edses, priorizaron personas inmunocomprometidas o con enfermedades cr\u00f3nicas. Seguramente, la decisi\u00f3n depender\u00e1 de si hay una nueva variante de preocupaci\u00f3n. En este momento, hay un descenso en la curva de casos confirmados de COVID19 en el pa\u00eds, y a\u00fan es bajo el porcentaje de la cobertura con la tercera dosis. Por lo cual, hoy habr\u00eda que mejorar el ritmo de la aplicaci\u00f3n de la tercera dosis y despu\u00e9s evaluar cu\u00e1l es la evoluci\u00f3n de la pandemia\u201d, agreg\u00f3 V\u00e1zquez.<\/p>\n<p>Fuente: Infobae<\/p>\n<p>&nbsp;<\/p>\n<p>&nbsp;<\/p>\n<p>&nbsp;<\/p>\n<p>&nbsp;<\/p>\n","protected":false},"excerpt":{"rendered":"<p>A nivel mundial, el 55% de la poblaci\u00f3n recibi\u00f3 el esquema completo de vacunaci\u00f3n contra el COVID-19. En la Argentina,<\/p>\n","protected":false},"author":3,"featured_media":37498,"comment_status":"closed","ping_status":"closed","sticky":false,"template":"","format":"standard","meta":{"_acf_changed":false,"_seopress_robots_primary_cat":"none","_seopress_titles_title":"","_seopress_titles_desc":"","_seopress_robots_index":"","colormag_page_container_layout":"default_layout","colormag_page_sidebar_layout":"default_layout","footnotes":""},"categories":[6],"tags":[],"class_list":["post-46215","post","type-post","status-publish","format-standard","has-post-thumbnail","hentry","category-eventos"],"acf":[],"_links":{"self":[{"href":"https:\/\/vocesparalelas.com.ar\/sitio\/wp-json\/wp\/v2\/posts\/46215","targetHints":{"allow":["GET"]}}],"collection":[{"href":"https:\/\/vocesparalelas.com.ar\/sitio\/wp-json\/wp\/v2\/posts"}],"about":[{"href":"https:\/\/vocesparalelas.com.ar\/sitio\/wp-json\/wp\/v2\/types\/post"}],"author":[{"embeddable":true,"href":"https:\/\/vocesparalelas.com.ar\/sitio\/wp-json\/wp\/v2\/users\/3"}],"replies":[{"embeddable":true,"href":"https:\/\/vocesparalelas.com.ar\/sitio\/wp-json\/wp\/v2\/comments?post=46215"}],"version-history":[{"count":1,"href":"https:\/\/vocesparalelas.com.ar\/sitio\/wp-json\/wp\/v2\/posts\/46215\/revisions"}],"predecessor-version":[{"id":46217,"href":"https:\/\/vocesparalelas.com.ar\/sitio\/wp-json\/wp\/v2\/posts\/46215\/revisions\/46217"}],"wp:featuredmedia":[{"embeddable":true,"href":"https:\/\/vocesparalelas.com.ar\/sitio\/wp-json\/wp\/v2\/media\/37498"}],"wp:attachment":[{"href":"https:\/\/vocesparalelas.com.ar\/sitio\/wp-json\/wp\/v2\/media?parent=46215"}],"wp:term":[{"taxonomy":"category","embeddable":true,"href":"https:\/\/vocesparalelas.com.ar\/sitio\/wp-json\/wp\/v2\/categories?post=46215"},{"taxonomy":"post_tag","embeddable":true,"href":"https:\/\/vocesparalelas.com.ar\/sitio\/wp-json\/wp\/v2\/tags?post=46215"}],"curies":[{"name":"wp","href":"https:\/\/api.w.org\/{rel}","templated":true}]}}