{"id":46210,"date":"2022-02-14T13:02:31","date_gmt":"2022-02-14T16:02:31","guid":{"rendered":"https:\/\/vocesparalelas.com.ar\/sitio\/?p=46210"},"modified":"2022-02-14T23:20:17","modified_gmt":"2022-02-15T02:20:17","slug":"los-impuestos-inmobiliario-y-automotor-de-san-juan-se-pueden-pagar-por-la-app-ciudadano-digital","status":"publish","type":"post","link":"https:\/\/vocesparalelas.com.ar\/sitio\/los-impuestos-inmobiliario-y-automotor-de-san-juan-se-pueden-pagar-por-la-app-ciudadano-digital\/","title":{"rendered":"Los impuestos inmobiliario y automotor de San Juan se pueden pagar por la App \u00abCiudadano Digital\u00bb"},"content":{"rendered":"<p>La Direcci\u00f3n General de Rentas del Ministerio de Haciendas y Finanzas del Gobierno de San Juan\u00a0 informa que los impuestos inmobiliario y automotor ya fueron incorporados a \u201cCiudadano Digital\u201d y por lo tanto, podr\u00e1n abonarse mediante la aplicaci\u00f3n.<\/p>\n<p>Cabe recordar que los pagos semestral y anual del impuesto inmobiliario 2022 vencen vencen el Marte,s 15 de Febrero y el Mi\u00e9rcoles, 16 de Febrero, respectivamente.<\/p>\n<p>El pago anual cuenta con el 15% de descuento; mientras que el semestral tendr\u00e1 un 5% de descuento en cada una de sus dos cuotas. Adem\u00e1s, en caso de pagarlos en t\u00e9rmino por medios electr\u00f3nicos habilitados a trav\u00e9s de la p\u00e1gina web de la Direcci\u00f3n General de Rentas y la APP Ciudadano Digital tienen un 10% de bonificaci\u00f3n adicional.<\/p>\n<p>En cuanto al impuesto al automotor, cuyo vencimiento opera en marzo, tambi\u00e9n estar\u00e1 disponible en los mismos t\u00e9rminos.<\/p>\n<p>Asimismo, est\u00e1 vigente para el pago anual de ambos impuestos la facilidad de abonar en 6 cuotas sin inter\u00e9s con tarjetas de Banco San Juan a trav\u00e9s de los medios digitales autorizados, incluido Ciudadano Digital.<\/p>\n<p><span style=\"color: #99cc00;\"><strong>Para m\u00e1s tr\u00e1mites<\/strong><\/span><\/p>\n<p><a href=\"http:\/\/www.sanjuandgr.gov.ar\/\">www.sanjuandgr.gov.ar<\/a><\/p>\n<p>Por \u00faltimo, es importante resaltar que existen otros tr\u00e1mites y servicios que est\u00e1n disponibles en \u201cCiudadano Digital\u201d para todos los ciudadanos: partidas de nacimiento, certificado de antecedentes, carnet de vacunas, certificado de defunci\u00f3n, cumplimiento fiscal, residual del Banco San Juan, certificado de activos, certificado de aval\u00fao catastral, consulta de expedientes y la posibilidad de solicitar turnos en distintas reparticiones. M\u00e1s informaci\u00f3n en<\/p>\n<p><a href=\"http:\/\/mi.sanjuan.gov.ar\">http:\/\/mi.sanjuan.gov.ar<\/a><\/p>\n<p>&nbsp;<\/p>\n<p><img loading=\"lazy\" decoding=\"async\" class=\"alignnone size-large wp-image-1245\" src=\"https:\/\/vocesparalelas.com.ar\/sitio\/wp-content\/uploads\/2017\/05\/CASA-DE-GOBIERNO-01-800x534.jpg\" alt=\"\" width=\"800\" height=\"534\" srcset=\"https:\/\/vocesparalelas.com.ar\/sitio\/wp-content\/uploads\/2017\/05\/CASA-DE-GOBIERNO-01.jpg 800w, https:\/\/vocesparalelas.com.ar\/sitio\/wp-content\/uploads\/2017\/05\/CASA-DE-GOBIERNO-01-300x200.jpg 300w, https:\/\/vocesparalelas.com.ar\/sitio\/wp-content\/uploads\/2017\/05\/CASA-DE-GOBIERNO-01-768x513.jpg 768w\" sizes=\"auto, (max-width: 800px) 100vw, 800px\" \/><\/p>\n","protected":false},"excerpt":{"rendered":"<p>La Direcci\u00f3n General de Rentas del Ministerio de Haciendas y Finanzas del Gobierno de San Juan\u00a0 informa que los impuestos<\/p>\n","protected":false},"author":3,"featured_media":45743,"comment_status":"closed","ping_status":"closed","sticky":false,"template":"","format":"standard","meta":{"_acf_changed":false,"_seopress_robots_primary_cat":"none","_seopress_titles_title":"","_seopress_titles_desc":"","_seopress_robots_index":"","colormag_page_container_layout":"default_layout","colormag_page_sidebar_layout":"default_layout","footnotes":""},"categories":[6],"tags":[],"class_list":["post-46210","post","type-post","status-publish","format-standard","has-post-thumbnail","hentry","category-eventos"],"acf":[],"_links":{"self":[{"href":"https:\/\/vocesparalelas.com.ar\/sitio\/wp-json\/wp\/v2\/posts\/46210","targetHints":{"allow":["GET"]}}],"collection":[{"href":"https:\/\/vocesparalelas.com.ar\/sitio\/wp-json\/wp\/v2\/posts"}],"about":[{"href":"https:\/\/vocesparalelas.com.ar\/sitio\/wp-json\/wp\/v2\/types\/post"}],"author":[{"embeddable":true,"href":"https:\/\/vocesparalelas.com.ar\/sitio\/wp-json\/wp\/v2\/users\/3"}],"replies":[{"embeddable":true,"href":"https:\/\/vocesparalelas.com.ar\/sitio\/wp-json\/wp\/v2\/comments?post=46210"}],"version-history":[{"count":3,"href":"https:\/\/vocesparalelas.com.ar\/sitio\/wp-json\/wp\/v2\/posts\/46210\/revisions"}],"predecessor-version":[{"id":46214,"href":"https:\/\/vocesparalelas.com.ar\/sitio\/wp-json\/wp\/v2\/posts\/46210\/revisions\/46214"}],"wp:featuredmedia":[{"embeddable":true,"href":"https:\/\/vocesparalelas.com.ar\/sitio\/wp-json\/wp\/v2\/media\/45743"}],"wp:attachment":[{"href":"https:\/\/vocesparalelas.com.ar\/sitio\/wp-json\/wp\/v2\/media?parent=46210"}],"wp:term":[{"taxonomy":"category","embeddable":true,"href":"https:\/\/vocesparalelas.com.ar\/sitio\/wp-json\/wp\/v2\/categories?post=46210"},{"taxonomy":"post_tag","embeddable":true,"href":"https:\/\/vocesparalelas.com.ar\/sitio\/wp-json\/wp\/v2\/tags?post=46210"}],"curies":[{"name":"wp","href":"https:\/\/api.w.org\/{rel}","templated":true}]}}