{"id":46203,"date":"2022-02-13T20:58:08","date_gmt":"2022-02-13T23:58:08","guid":{"rendered":"https:\/\/vocesparalelas.com.ar\/sitio\/?p=46203"},"modified":"2022-02-13T20:58:08","modified_gmt":"2022-02-13T23:58:08","slug":"apertura-de-sobres-para-obra-de-urbanizacion-barrio-valle-del-sol-de-san-juan","status":"publish","type":"post","link":"https:\/\/vocesparalelas.com.ar\/sitio\/apertura-de-sobres-para-obra-de-urbanizacion-barrio-valle-del-sol-de-san-juan\/","title":{"rendered":"Apertura de sobres para obra de \u201cUrbanizaci\u00f3n Barrio Valle del Sol\u00bb de San Juan"},"content":{"rendered":"<p>El Instituto Provincial de la Vivienda del Ministerio de Obras y Servicios P\u00fablicos del Gobierno de San Juan realiz\u00f3 la apertura de sobres correspondiente a la Licitaci\u00f3n P\u00fablica N\u00b0 06\/2021, para la obra de \u201cUrbanizaci\u00f3n Barrio Valle del Sol- 930 lotes- dividido en tres sectores\u201d en el departamento Rawson.<\/p>\n<p>Se trata de un barrio de gran importancia, ya que cuenta con 930 lotes con servicios que estar\u00e1n divididos en tres sectores:<\/p>\n<ul>\n<li>Sector 1: 309 lotes<\/li>\n<li>Sector 2: 302 lotes<\/li>\n<li>Sector 3: 319 lotes<\/li>\n<\/ul>\n<p>La obra, cuyo presupuesto oficial es de $1.044.561.585,60, ser\u00e1 financiada por medio del \u201cPlan Nacional De Suelo Urbano\u201d del Programa Nacional De Producci\u00f3n de Suelo del Ministerio de Desarrollo Territorial y H\u00e1bitat de la Naci\u00f3n Argentina. El plazo de ejecuci\u00f3n para los trabajos es de 360 d\u00edas corridos desde la fecha del Acta de Inicio de la Obra.<\/p>\n<h3>En la apertura de sobres, se presentaron las siguientes empresas:<\/h3>\n<p>Sector 1:<\/p>\n<ul>\n<li>CONYCOM S.R.L.<\/li>\n<li>TERUSI CONSTRUCCIONES S.A.<\/li>\n<li>DAZ CONSTRUCCIONES S.R.L.<\/li>\n<li>ING. JULIO NACUSI CONSTRUCCIONES S.R.L.<\/li>\n<li>BILBAO CONSTRUCCIONES S.R.L.<\/li>\n<li>SIGMA S.A CONSTRUCCIONES CIVILES S.A<\/li>\n<\/ul>\n<p>Sector 2:<\/p>\n<ul>\n<li>CONYCOM S.R.L.<\/li>\n<li>TERUSI CONSTRUCCIONES S.A.<\/li>\n<li>DAZ CONSTRUCCIONES S.R.L.<\/li>\n<li>ING. JULIO NACUSI CONSTRUCCIONES S.R.L.<\/li>\n<li>BILBAO CONSTRUCCIONES S.R.L.<\/li>\n<li>SIGMA S.A CONSTRUCCIONES CIVILES S.A<\/li>\n<li>OBRASCOM S.R.L.<\/li>\n<\/ul>\n<p>Sector 3:<\/p>\n<ul>\n<li>CONYCOM S.R.L.<\/li>\n<li>TERUSI CONSTRUCCIONES S.A.<\/li>\n<li>DAZ CONSTRUCCIONES S.R.L.<\/li>\n<li>ING. JULIO NACUSI CONSTRUCCIONES S.R.L.<\/li>\n<li>BILBAO CONSTRUCCIONES S.R.L.<\/li>\n<li>SIGMA S.A CONSTRUCCIONES CIVILES S.A<\/li>\n<\/ul>\n","protected":false},"excerpt":{"rendered":"<p>El Instituto Provincial de la Vivienda del Ministerio de Obras y Servicios P\u00fablicos del Gobierno de San Juan realiz\u00f3 la<\/p>\n","protected":false},"author":3,"featured_media":46205,"comment_status":"closed","ping_status":"closed","sticky":false,"template":"","format":"standard","meta":{"_acf_changed":false,"_seopress_robots_primary_cat":"none","_seopress_titles_title":"","_seopress_titles_desc":"","_seopress_robots_index":"","colormag_page_container_layout":"default_layout","colormag_page_sidebar_layout":"default_layout","footnotes":""},"categories":[1],"tags":[],"class_list":["post-46203","post","type-post","status-publish","format-standard","has-post-thumbnail","hentry","category-destacadas"],"acf":[],"_links":{"self":[{"href":"https:\/\/vocesparalelas.com.ar\/sitio\/wp-json\/wp\/v2\/posts\/46203","targetHints":{"allow":["GET"]}}],"collection":[{"href":"https:\/\/vocesparalelas.com.ar\/sitio\/wp-json\/wp\/v2\/posts"}],"about":[{"href":"https:\/\/vocesparalelas.com.ar\/sitio\/wp-json\/wp\/v2\/types\/post"}],"author":[{"embeddable":true,"href":"https:\/\/vocesparalelas.com.ar\/sitio\/wp-json\/wp\/v2\/users\/3"}],"replies":[{"embeddable":true,"href":"https:\/\/vocesparalelas.com.ar\/sitio\/wp-json\/wp\/v2\/comments?post=46203"}],"version-history":[{"count":1,"href":"https:\/\/vocesparalelas.com.ar\/sitio\/wp-json\/wp\/v2\/posts\/46203\/revisions"}],"predecessor-version":[{"id":46206,"href":"https:\/\/vocesparalelas.com.ar\/sitio\/wp-json\/wp\/v2\/posts\/46203\/revisions\/46206"}],"wp:featuredmedia":[{"embeddable":true,"href":"https:\/\/vocesparalelas.com.ar\/sitio\/wp-json\/wp\/v2\/media\/46205"}],"wp:attachment":[{"href":"https:\/\/vocesparalelas.com.ar\/sitio\/wp-json\/wp\/v2\/media?parent=46203"}],"wp:term":[{"taxonomy":"category","embeddable":true,"href":"https:\/\/vocesparalelas.com.ar\/sitio\/wp-json\/wp\/v2\/categories?post=46203"},{"taxonomy":"post_tag","embeddable":true,"href":"https:\/\/vocesparalelas.com.ar\/sitio\/wp-json\/wp\/v2\/tags?post=46203"}],"curies":[{"name":"wp","href":"https:\/\/api.w.org\/{rel}","templated":true}]}}