{"id":46199,"date":"2022-02-13T19:41:06","date_gmt":"2022-02-13T22:41:06","guid":{"rendered":"https:\/\/vocesparalelas.com.ar\/sitio\/?p=46199"},"modified":"2022-02-14T23:34:51","modified_gmt":"2022-02-15T02:34:51","slug":"campana-no-es-mi-trabajo-es-tu-delito","status":"publish","type":"post","link":"https:\/\/vocesparalelas.com.ar\/sitio\/campana-no-es-mi-trabajo-es-tu-delito\/","title":{"rendered":"Campa\u00f1a \u201cNo es mi trabajo, es tu delito\u201d"},"content":{"rendered":"<p>El Ministerio de Desarrollo Humano y Promoci\u00f3n Social del Gobierno de San Juan, a trav\u00e9s de la Direcci\u00f3n de la Mujer, dependiente de la Subsecretaria de Promoci\u00f3n Protecci\u00f3n y Desarrollo Social, lanza la campa\u00f1a \u201cNo es mi trabajo, es tu delito\u201d.<\/p>\n<p>La misma busca reducir la vulnerabilidad de las potenciales v\u00edctimas de trata de personas al facilitar que la poblaci\u00f3n se entere, conozca y participe activamente en las acciones de prevenci\u00f3n del delito, logrando espacios de opini\u00f3n y debate respecto en la erradicaci\u00f3n de este delito.<\/p>\n<p>La trata existe y hay que denunciarla. Cuando hablamos de trata no hablamos solamente de explotaci\u00f3n sexual, sino tambi\u00e9n de delitos de servidumbre, pornograf\u00eda infantil, trabajo o matrimonio forzoso y extracci\u00f3n forzada de \u00f3rganos.<\/p>\n<p>La campa\u00f1a \u201cNo es mi trabajo, es tu delito\u201d busca reducir la vulnerabilidad de las potenciales v\u00edctimas de trata de personas, donde actualmente el equipo de la Direcci\u00f3n de la Mujer se encuentra asistiendo a v\u00edctimas de trata.<\/p>\n<p>Esta problem\u00e1tica constituye una de las manifestaciones delictivas m\u00e1s preocupantes de la actualidad, al violentar los derechos humanos de las v\u00edctimas y repercutir de manera traum\u00e1tica en su salud corporal y psicol\u00f3gica, por ello la Direcci\u00f3n ejecuta el\u00a0\u201cPrograma de Rescate y Asistencia a Personas Damnificadas por el delito Trata\u201d.<\/p>\n<p>Asimismo, se cuenta con un equipo interdisciplinario de psic\u00f3logas, trabajadoras sociales, abogados y personal especializado, que brindan asistencia y seguridad a las v\u00edctimas, desde una perspectiva de g\u00e9nero y derechos humanos.<\/p>\n<p>Este grupo de profesionales interviene en el allanamiento que realiza una fuerza de seguridad por mandato judicial, con el objetivo de ser las primeras en ponerse en contacto con la v\u00edctima y resguardar sus derechos, donde se brinda un acompa\u00f1amiento psico -social-legal a mujeres y LGBTI+.<\/p>\n<p><span style=\"color: #99cc00;\"><strong>\u00bfQu\u00e9 puedes denunciar?<\/strong><\/span><\/p>\n<ul>\n<li>La desaparici\u00f3n de una persona: no esperes 48 horas para hacer la denuncia ya que las primeras horas son fundamentales para la investigaci\u00f3n judicial.<\/li>\n<li>Prost\u00edbulos encubiertos: siguen operando como caf\u00e9 bar, night club, cabaret, whisker\u00eda, casa de masajes o privados.<\/li>\n<li>Avisos de prostituci\u00f3n: en medios gr\u00e1ficos, sitios de internet (redes sociales) o volantes de promoci\u00f3n sexual ofertados en la v\u00eda p\u00fablica.<\/li>\n<li>Reducci\u00f3n a servidumbre o trabajo forzado: en talleres textiles, trabajo rural, fabril, casas particulares.<\/li>\n<\/ul>\n<p><span style=\"color: #99cc00;\"><strong>V\u00edctima de <\/strong><strong>la explotaci\u00f3n sexual y trata de personas<\/strong>\u00a0<strong>puede comunicarse<\/strong><\/span><\/p>\n<ul>\n<li>145 (las 24 horas) denuncias an\u00f3nimas y gratuitas<\/li>\n<li>Podes llamar comunicarte al 911<\/li>\n<li>WhatsApp al 264-486-5622 (las 24 horas)<\/li>\n<li>L\u00ednea 144 (las 24 horas)<\/li>\n<li>L\u00ednea Mujer 0800 666 6351 (las 24 horas)<\/li>\n<li>\u00c1reas Mujer (atenci\u00f3n es con modalidad presencial, pasiva o remota de acuerdo a los lineamientos de cada municipio).<\/li>\n<li>Est\u00e1n disponibles los tel\u00e9fonos 4222713 \u2013 4221358 (lunes a viernes de 7 a 13).<\/li>\n<li>Podes escribirnos a\u00a0<span id=\"cloak63e84232150bd3f7290dd22388f88d9a\"><a href=\"mailto:sanjuanmujer@gmail.com\">sanjuanmujer@gmail.com<\/a><\/span><\/li>\n<li>Las oficinas est\u00e1n ubicadas en 25 de Mayo 451 (oeste)<\/li>\n<\/ul>\n","protected":false},"excerpt":{"rendered":"<p>El Ministerio de Desarrollo Humano y Promoci\u00f3n Social del Gobierno de San Juan, a trav\u00e9s de la Direcci\u00f3n de la<\/p>\n","protected":false},"author":3,"featured_media":2441,"comment_status":"closed","ping_status":"closed","sticky":false,"template":"","format":"standard","meta":{"_acf_changed":false,"_seopress_robots_primary_cat":"none","_seopress_titles_title":"","_seopress_titles_desc":"","_seopress_robots_index":"","colormag_page_container_layout":"default_layout","colormag_page_sidebar_layout":"default_layout","footnotes":""},"categories":[2],"tags":[],"class_list":["post-46199","post","type-post","status-publish","format-standard","has-post-thumbnail","hentry","category-convocatorias"],"acf":[],"_links":{"self":[{"href":"https:\/\/vocesparalelas.com.ar\/sitio\/wp-json\/wp\/v2\/posts\/46199","targetHints":{"allow":["GET"]}}],"collection":[{"href":"https:\/\/vocesparalelas.com.ar\/sitio\/wp-json\/wp\/v2\/posts"}],"about":[{"href":"https:\/\/vocesparalelas.com.ar\/sitio\/wp-json\/wp\/v2\/types\/post"}],"author":[{"embeddable":true,"href":"https:\/\/vocesparalelas.com.ar\/sitio\/wp-json\/wp\/v2\/users\/3"}],"replies":[{"embeddable":true,"href":"https:\/\/vocesparalelas.com.ar\/sitio\/wp-json\/wp\/v2\/comments?post=46199"}],"version-history":[{"count":1,"href":"https:\/\/vocesparalelas.com.ar\/sitio\/wp-json\/wp\/v2\/posts\/46199\/revisions"}],"predecessor-version":[{"id":46201,"href":"https:\/\/vocesparalelas.com.ar\/sitio\/wp-json\/wp\/v2\/posts\/46199\/revisions\/46201"}],"wp:featuredmedia":[{"embeddable":true,"href":"https:\/\/vocesparalelas.com.ar\/sitio\/wp-json\/wp\/v2\/media\/2441"}],"wp:attachment":[{"href":"https:\/\/vocesparalelas.com.ar\/sitio\/wp-json\/wp\/v2\/media?parent=46199"}],"wp:term":[{"taxonomy":"category","embeddable":true,"href":"https:\/\/vocesparalelas.com.ar\/sitio\/wp-json\/wp\/v2\/categories?post=46199"},{"taxonomy":"post_tag","embeddable":true,"href":"https:\/\/vocesparalelas.com.ar\/sitio\/wp-json\/wp\/v2\/tags?post=46199"}],"curies":[{"name":"wp","href":"https:\/\/api.w.org\/{rel}","templated":true}]}}