{"id":46191,"date":"2022-02-12T13:20:19","date_gmt":"2022-02-12T16:20:19","guid":{"rendered":"https:\/\/vocesparalelas.com.ar\/sitio\/?p=46191"},"modified":"2022-02-14T13:50:40","modified_gmt":"2022-02-14T16:50:40","slug":"cronograma-de-finalizacion-de-inscripcion-para-cargos-y-horas-del-ciclo-lectivo-2022-de-la-rama-tecnica-de-san-juan","status":"publish","type":"post","link":"https:\/\/vocesparalelas.com.ar\/sitio\/cronograma-de-finalizacion-de-inscripcion-para-cargos-y-horas-del-ciclo-lectivo-2022-de-la-rama-tecnica-de-san-juan\/","title":{"rendered":"Cronograma de finalizaci\u00f3n de Inscripci\u00f3n para cargos y horas del Ciclo Lectivo 2022 de la Rama T\u00e9cnica  de San Juan"},"content":{"rendered":"<p>La Junta de Clasificaci\u00f3n Docente Rama T\u00e9cnica, Agrot\u00e9cnica, Monot\u00e9cnica, de Formaci\u00f3n Profesional y Capacitaci\u00f3n Laboral, informa el cronograma de finalizaci\u00f3n de Inscripci\u00f3n para cubrir cargos y horas para el Ciclo Lectivo 2022.<\/p>\n<ul>\n<li><strong><span style=\"color: #339966;\">Entrega de carnets y publicaci\u00f3n de Listados Provisorios correspondientes al Ciclo Lectivo 2022:<\/span>\u00a0<\/strong>comienza el lunes 21 de febrero:<\/li>\n<li>En caso de no poder asistir el titular a retirar su carnet, podr\u00e1 enviar a un tercero con autorizaci\u00f3n por escrito.<\/li>\n<li><span style=\"color: #339966;\"><strong>Periodo de Apelaci\u00f3n<\/strong>:<\/span> desde el 21 de febrero al 8 de marzo<\/li>\n<\/ul>\n<p>Cabe destacar que el aspirante que detectare errores y\/u omisiones en su carnet o en los listados, puede interponer recurso de apelaci\u00f3n dentro de los diez (10) d\u00edas h\u00e1biles desde la fecha de publicaci\u00f3n de los Listados Provisorios, seg\u00fan Res. N\u00b0 1848 ME 2010 Anexo I.<\/p>\n<p><strong><span style=\"color: #339966;\">Inscripci\u00f3n Complementaria Marzo 2022<\/span><\/strong><\/p>\n<p>Aspirantes que hayan obtenido su t\u00edtulo con posterioridad al 30 de junio de 2021<\/p>\n<p><strong><span style=\"color: #339966;\">Rama T\u00e9cnica<\/span><\/strong><\/p>\n<ul>\n<li>Inscripci\u00f3n Complementaria Marzo, Ciclo Lectivo 2022, desde el 1 al 31 de marzo<\/li>\n<li>Entrega de carnets correspondiente a Inscripci\u00f3n Complementaria Marzo 2022 a partir del 7 de abril 2022.-<\/li>\n<li>Periodo de Apelaci\u00f3n correspondiente a Inscripci\u00f3n Complementaria Marzo 2022, desde el 7 al 22 de abril<\/li>\n<li>Entrega de carnets correspondiente a Inscripci\u00f3n Complementaria Marzo 2022 a partir del 24 de abril<\/li>\n<li>Entrega de Listado Definitivo 24 de abril.<\/li>\n<\/ul>\n<p><span style=\"color: #339966;\"><strong>Capacitaci\u00f3n Laboral marzo &#8211; abril<\/strong><\/span><\/p>\n<ul>\n<li>Inscripci\u00f3n Complementaria Marzo-Abril Ciclo Lectivo 2022, desde el 1 de marzo al 30 de abril<\/li>\n<li>Entrega de carnets correspondiente a Inscripci\u00f3n Complementaria Marzo-Abril 2022 a partir del 5 de mayo<\/li>\n<li>Periodo de Apelaci\u00f3n correspondiente a Inscripci\u00f3n Complementaria Marzo-Abril 2022, desde el 5 al 19 de mayo<\/li>\n<li>Entrega de carnets correspondiente a Inscripci\u00f3n Complementaria Marzo-Abril 2022 a partir del 23 de mayo<\/li>\n<\/ul>\n<p><span style=\"color: #339966;\"><strong>Requisitos Inscripci\u00f3n Complementaria a\u00f1o 2022<\/strong><\/span><\/p>\n<p><span style=\"color: #339966;\"><strong>Aspirantes que se inscriben por primera vez:<\/strong><\/span><\/p>\n<ul>\n<li>Carpeta de cartulina tama\u00f1o oficio tipo espiral, no colgante (consignar datos: Apellido y Nombre, DNI, correo electr\u00f3nico, n\u00b0 de tel\u00e9fono de contacto)<\/li>\n<li>Fotocopia legalizada de DNI, cara y contracara.<\/li>\n<li>Fotocopia legalizada de T\u00edtulos Registrados o certificado provisorio de T\u00edtulos en tr\u00e1mite.<\/li>\n<\/ul>\n<p><span style=\"color: #339966;\"><strong>Aspirantes que poseen carpeta en la Junta<\/strong><\/span><\/p>\n<ul>\n<li>Fotocopia legalizada del t\u00edtulo registrado o certificado provisorio del t\u00edtulo en tr\u00e1mite<\/li>\n<\/ul>\n<p><span style=\"color: #339966;\"><strong>Importante<\/strong><\/span><\/p>\n<p>La inscripci\u00f3n complementaria Marzo 2022 es sin turno y por orden de llegada, respetando protocolo covd-19, la documentaci\u00f3n deber\u00e1 ser entregada en un sobre papel madera tama\u00f1o oficio en el cual se consignaran los siguientes datos:<\/p>\n<ul>\n<li>Apellido y nombres<\/li>\n<li>N\u00famero de DNI<\/li>\n<li>Correo Electr\u00f3nico<\/li>\n<li>Tel\u00e9fono de contacto<\/li>\n<li>Cantidad de folios agregados.-<\/li>\n<\/ul>\n<p>La valoraci\u00f3n es no presencial, ante cualquier duda Junta se comunica con el aspirante.<\/p>\n<p>La entrega de carnets y recepci\u00f3n de documentaci\u00f3n se realizara en el local de Junta, calle Mitre 289 este, en horario de 7.30 a 15.30 , respetando protocolo de distanciamiento y uso de barbijo.<\/p>\n<p>Por consultas comunicarse en horario de 8 a 13 al 430-2209.<\/p>\n<p>&nbsp;<\/p>\n<p>&nbsp;<\/p>\n<p>&nbsp;<\/p>\n","protected":false},"excerpt":{"rendered":"<p>La Junta de Clasificaci\u00f3n Docente Rama T\u00e9cnica, Agrot\u00e9cnica, Monot\u00e9cnica, de Formaci\u00f3n Profesional y Capacitaci\u00f3n Laboral, informa el cronograma de finalizaci\u00f3n<\/p>\n","protected":false},"author":3,"featured_media":36539,"comment_status":"closed","ping_status":"closed","sticky":false,"template":"","format":"standard","meta":{"_acf_changed":false,"_seopress_robots_primary_cat":"none","_seopress_titles_title":"","_seopress_titles_desc":"","_seopress_robots_index":"","colormag_page_container_layout":"default_layout","colormag_page_sidebar_layout":"default_layout","footnotes":""},"categories":[5],"tags":[],"class_list":["post-46191","post","type-post","status-publish","format-standard","has-post-thumbnail","hentry","category-ofrecimientos"],"acf":[],"_links":{"self":[{"href":"https:\/\/vocesparalelas.com.ar\/sitio\/wp-json\/wp\/v2\/posts\/46191","targetHints":{"allow":["GET"]}}],"collection":[{"href":"https:\/\/vocesparalelas.com.ar\/sitio\/wp-json\/wp\/v2\/posts"}],"about":[{"href":"https:\/\/vocesparalelas.com.ar\/sitio\/wp-json\/wp\/v2\/types\/post"}],"author":[{"embeddable":true,"href":"https:\/\/vocesparalelas.com.ar\/sitio\/wp-json\/wp\/v2\/users\/3"}],"replies":[{"embeddable":true,"href":"https:\/\/vocesparalelas.com.ar\/sitio\/wp-json\/wp\/v2\/comments?post=46191"}],"version-history":[{"count":1,"href":"https:\/\/vocesparalelas.com.ar\/sitio\/wp-json\/wp\/v2\/posts\/46191\/revisions"}],"predecessor-version":[{"id":46193,"href":"https:\/\/vocesparalelas.com.ar\/sitio\/wp-json\/wp\/v2\/posts\/46191\/revisions\/46193"}],"wp:featuredmedia":[{"embeddable":true,"href":"https:\/\/vocesparalelas.com.ar\/sitio\/wp-json\/wp\/v2\/media\/36539"}],"wp:attachment":[{"href":"https:\/\/vocesparalelas.com.ar\/sitio\/wp-json\/wp\/v2\/media?parent=46191"}],"wp:term":[{"taxonomy":"category","embeddable":true,"href":"https:\/\/vocesparalelas.com.ar\/sitio\/wp-json\/wp\/v2\/categories?post=46191"},{"taxonomy":"post_tag","embeddable":true,"href":"https:\/\/vocesparalelas.com.ar\/sitio\/wp-json\/wp\/v2\/tags?post=46191"}],"curies":[{"name":"wp","href":"https:\/\/api.w.org\/{rel}","templated":true}]}}