{"id":46188,"date":"2022-02-12T13:00:21","date_gmt":"2022-02-12T16:00:21","guid":{"rendered":"https:\/\/vocesparalelas.com.ar\/sitio\/?p=46188"},"modified":"2022-02-14T22:55:33","modified_gmt":"2022-02-15T01:55:33","slug":"inscripciones-al-taller-de-orientacion-vocacional-de-la-unsj","status":"publish","type":"post","link":"https:\/\/vocesparalelas.com.ar\/sitio\/inscripciones-al-taller-de-orientacion-vocacional-de-la-unsj\/","title":{"rendered":"Inscripciones al Taller de Orientaci\u00f3n Vocacional de la UNSJ"},"content":{"rendered":"<p>La Direcci\u00f3n de Psicolog\u00eda y Psicopedagog\u00eda de la Secretar\u00eda Acad\u00e9mica de la Universidad Nacional de San Juan informa que est\u00e1n abiertas las inscripciones al Taller de Orientaci\u00f3n Vocacional &#8211; OVO &#8211; destinado a estudiantes del \u00faltimo curso de los establecimientos secundarios de la provincia como as\u00ed tambi\u00e9n de los institutos preuniversitarios de la UNSJ.<\/p>\n<p>Los interesados pueden inscribirse v\u00eda mail: <a href=\"psico@unsj.edu.ar\">psico@unsj.edu.ar<\/a><\/p>\n<p>Adem\u00e1s, se informa que tambi\u00e9n est\u00e1n abiertas las inscripciones a los los talleres de T\u00e9cnicas de estudio y Reorientaci\u00f3n Vocacional, destinados a estudiantes que cursan las distintas carreras de la Universidad Nacional de San Juan.<\/p>\n<p>Para estos talleres la inscripci\u00f3n tambi\u00e9n es v\u00eda mail: <a href=\"psico@unsj.edu.ar\">psico@unsj.edu.ar<\/a><\/p>\n","protected":false},"excerpt":{"rendered":"<p>La Direcci\u00f3n de Psicolog\u00eda y Psicopedagog\u00eda de la Secretar\u00eda Acad\u00e9mica de la Universidad Nacional de San Juan informa que est\u00e1n<\/p>\n","protected":false},"author":3,"featured_media":37900,"comment_status":"closed","ping_status":"closed","sticky":false,"template":"","format":"standard","meta":{"_acf_changed":false,"_seopress_robots_primary_cat":"none","_seopress_titles_title":"","_seopress_titles_desc":"","_seopress_robots_index":"","colormag_page_container_layout":"default_layout","colormag_page_sidebar_layout":"default_layout","footnotes":""},"categories":[9],"tags":[],"class_list":["post-46188","post","type-post","status-publish","format-standard","has-post-thumbnail","hentry","category-cursos"],"acf":[],"_links":{"self":[{"href":"https:\/\/vocesparalelas.com.ar\/sitio\/wp-json\/wp\/v2\/posts\/46188","targetHints":{"allow":["GET"]}}],"collection":[{"href":"https:\/\/vocesparalelas.com.ar\/sitio\/wp-json\/wp\/v2\/posts"}],"about":[{"href":"https:\/\/vocesparalelas.com.ar\/sitio\/wp-json\/wp\/v2\/types\/post"}],"author":[{"embeddable":true,"href":"https:\/\/vocesparalelas.com.ar\/sitio\/wp-json\/wp\/v2\/users\/3"}],"replies":[{"embeddable":true,"href":"https:\/\/vocesparalelas.com.ar\/sitio\/wp-json\/wp\/v2\/comments?post=46188"}],"version-history":[{"count":1,"href":"https:\/\/vocesparalelas.com.ar\/sitio\/wp-json\/wp\/v2\/posts\/46188\/revisions"}],"predecessor-version":[{"id":46190,"href":"https:\/\/vocesparalelas.com.ar\/sitio\/wp-json\/wp\/v2\/posts\/46188\/revisions\/46190"}],"wp:featuredmedia":[{"embeddable":true,"href":"https:\/\/vocesparalelas.com.ar\/sitio\/wp-json\/wp\/v2\/media\/37900"}],"wp:attachment":[{"href":"https:\/\/vocesparalelas.com.ar\/sitio\/wp-json\/wp\/v2\/media?parent=46188"}],"wp:term":[{"taxonomy":"category","embeddable":true,"href":"https:\/\/vocesparalelas.com.ar\/sitio\/wp-json\/wp\/v2\/categories?post=46188"},{"taxonomy":"post_tag","embeddable":true,"href":"https:\/\/vocesparalelas.com.ar\/sitio\/wp-json\/wp\/v2\/tags?post=46188"}],"curies":[{"name":"wp","href":"https:\/\/api.w.org\/{rel}","templated":true}]}}