{"id":46178,"date":"2022-02-12T11:58:22","date_gmt":"2022-02-12T14:58:22","guid":{"rendered":"https:\/\/vocesparalelas.com.ar\/sitio\/?p=46178"},"modified":"2022-02-13T20:35:54","modified_gmt":"2022-02-13T23:35:54","slug":"teatro-al-vino-un-maridaje-perfecto-en-tierras-cuyanas","status":"publish","type":"post","link":"https:\/\/vocesparalelas.com.ar\/sitio\/teatro-al-vino-un-maridaje-perfecto-en-tierras-cuyanas\/","title":{"rendered":"Teatro al Vino, un maridaje perfecto en tierras cuyanas"},"content":{"rendered":"<p>El Viernes, 18; el S\u00e1bado, 19 y el Domingo, 20 de Febrero se desarrolla en San Juan la primera edici\u00f3n del Ciclo de comedia Teatro al vino.<\/p>\n<p>Esta propuesta ofrece una experiencia art\u00edstica teatral fusionada con lo aut\u00f3ctono de nuestros vinos sanjuaninos, siendo el primer encuentro en la provincia de San Juan, que re\u00fane s\u00f3lo obras de teatro del g\u00e9nero c\u00f3mico.<\/p>\n<p>El principal objetivo del ciclo es consolidar un espacio que, a trav\u00e9s del humor y el disfrute del vino, genere nuevos espectadores y ponga en valor la actividad teatral en San Juan.<\/p>\n<p>Consideran que la comedia es un g\u00e9nero popular que resulta atractivo y por dem\u00e1s convocante que potencia el acceso y la participaci\u00f3n de nuevos p\u00fablicos y que, a su vez puede significar el desarrollo laboral de los hacedores sanjuaninos.<\/p>\n<p>Adem\u00e1s, es fundamental destacar la participaci\u00f3n y el apoyo de varias bodegas locales, ya que el ciclo ofrece la degustaci\u00f3n de vinos en cada una de sus presentaciones.<\/p>\n<p><span style=\"color: #993366;\"><strong>Programa<\/strong><\/span><\/p>\n<p><span style=\"color: #993366;\"><strong>Viernes, 18 de Febrero<\/strong><\/span><\/p>\n<ul>\n<li>Lugar: El Avispero Esc\u00e9nica Horario: 22:00hs<\/li>\n<li>Recepci\u00f3n del Anfitri\u00f3n<\/li>\n<li>Funci\u00f3n de \u00abUn pa\u00eds hermoso\u00bb- El Cuenco Teatro- C\u00f3rdoba<\/li>\n<li>Degustaci\u00f3n de vinos<\/li>\n<li>Valor de las entradas: $450<\/li>\n<li>PROMO ONLINE 2 x $700<\/li>\n<li>Venta: <a href=\"https:\/\/teatroalvinoensanjuan.eventbrite.com\">https:\/\/teatroalvinoensanjuan.eventbrite.com<\/a><\/li>\n<\/ul>\n<p><span style=\"color: #993366;\"><strong>S\u00e1bado, 19 de Febrero<\/strong><\/span><\/p>\n<ul>\n<li>Noche especial Espect\u00e1culo + MEN\u00da + VINOS<\/li>\n<li>Lugar: Cavas de Allaj \u2013 Las Marianas \u2013 Pocito Horario: 21:00 hs<\/li>\n<li>Recepci\u00f3n del Anfitri\u00f3n<\/li>\n<li>Funci\u00f3n de \u00abEl variet\u00e9 del verano\u00bb- Cultura Drag- San Juan<\/li>\n<li>Men\u00fa y servicio de vino espumante<\/li>\n<li>Valor de las entradas: $2000 (Incluye toda la propuesta)<\/li>\n<li>Venta: <a href=\"https:\/\/teatroalvinoensanjuan.eventbrite.com\">https:\/\/teatroalvinoensanjuan.eventbrite.com<\/a><\/li>\n<\/ul>\n<p><span style=\"color: #993366;\"><strong>Domingo, 20 de Febrero<\/strong><\/span><\/p>\n<ul>\n<li>Lugar: Espacio Teatral TES Horario: 21:00hs<\/li>\n<li>Recepci\u00f3n de Anfitri\u00f3n<\/li>\n<li>Funci\u00f3n de \u00abCUBO\u00bb &#8211; Ser o no ser clown &#8211; San Juan<\/li>\n<li>Degustaci\u00f3n de vinos<\/li>\n<li>Valor de las entradas: $450<\/li>\n<li>PROMO ONLINE 2 x $700<\/li>\n<li>Venta: <a href=\"https:\/\/teatroalvinoensanjuan.eventbrite.com\">https:\/\/teatroalvinoensanjuan.eventbrite.com<\/a><\/li>\n<\/ul>\n<p><span style=\"color: #993366;\"><strong>Actividad de formaci\u00f3n para la comunidad teatral<\/strong><\/span><\/p>\n<ul>\n<li>Seminario de dramaturgia \u201c\u00bfDe qu\u00e9 te reis?\u201d a cargo de Rodrigo Cuesta (C\u00f3rdoba)<\/li>\n<li>Viernes y s\u00e1bado de 10:00 a 13:00 hs en el Centro Cultural Conte Grand<\/li>\n<li>Valor: $500 \u2013 CUPOS LIMITADOS<\/li>\n<\/ul>\n<p><span style=\"color: #993366;\"><strong>Informaci\u00f3n e inscripciones<\/strong><\/span><\/p>\n<p><a href=\"mailto:teatroalvinoensanjuan@gmail.com\">teatroalvinoensanjuan@gmail.com<\/a><\/p>\n<p><span style=\"color: #993366;\"><strong>Informaci\u00f3n de contacto<\/strong><\/span><\/p>\n<p>Instagram: @teatroalvino<\/p>\n<p>Facebook: teatroalvinoSJ<\/p>\n<p>E-mail:\u00a0<a href=\"mailto:teatroalvinoensanjuan@gmail.com\">teatroalvinoensanjuan@gmail.com<\/a><\/p>\n<p>&nbsp;<\/p>\n","protected":false},"excerpt":{"rendered":"<p>El Viernes, 18; el S\u00e1bado, 19 y el Domingo, 20 de Febrero se desarrolla en San Juan la primera edici\u00f3n<\/p>\n","protected":false},"author":3,"featured_media":46180,"comment_status":"closed","ping_status":"closed","sticky":false,"template":"","format":"standard","meta":{"_acf_changed":false,"_seopress_robots_primary_cat":"none","_seopress_titles_title":"","_seopress_titles_desc":"","_seopress_robots_index":"","colormag_page_container_layout":"default_layout","colormag_page_sidebar_layout":"default_layout","footnotes":""},"categories":[20],"tags":[],"class_list":["post-46178","post","type-post","status-publish","format-standard","has-post-thumbnail","hentry","category-cartelera"],"acf":[],"_links":{"self":[{"href":"https:\/\/vocesparalelas.com.ar\/sitio\/wp-json\/wp\/v2\/posts\/46178","targetHints":{"allow":["GET"]}}],"collection":[{"href":"https:\/\/vocesparalelas.com.ar\/sitio\/wp-json\/wp\/v2\/posts"}],"about":[{"href":"https:\/\/vocesparalelas.com.ar\/sitio\/wp-json\/wp\/v2\/types\/post"}],"author":[{"embeddable":true,"href":"https:\/\/vocesparalelas.com.ar\/sitio\/wp-json\/wp\/v2\/users\/3"}],"replies":[{"embeddable":true,"href":"https:\/\/vocesparalelas.com.ar\/sitio\/wp-json\/wp\/v2\/comments?post=46178"}],"version-history":[{"count":3,"href":"https:\/\/vocesparalelas.com.ar\/sitio\/wp-json\/wp\/v2\/posts\/46178\/revisions"}],"predecessor-version":[{"id":46183,"href":"https:\/\/vocesparalelas.com.ar\/sitio\/wp-json\/wp\/v2\/posts\/46178\/revisions\/46183"}],"wp:featuredmedia":[{"embeddable":true,"href":"https:\/\/vocesparalelas.com.ar\/sitio\/wp-json\/wp\/v2\/media\/46180"}],"wp:attachment":[{"href":"https:\/\/vocesparalelas.com.ar\/sitio\/wp-json\/wp\/v2\/media?parent=46178"}],"wp:term":[{"taxonomy":"category","embeddable":true,"href":"https:\/\/vocesparalelas.com.ar\/sitio\/wp-json\/wp\/v2\/categories?post=46178"},{"taxonomy":"post_tag","embeddable":true,"href":"https:\/\/vocesparalelas.com.ar\/sitio\/wp-json\/wp\/v2\/tags?post=46178"}],"curies":[{"name":"wp","href":"https:\/\/api.w.org\/{rel}","templated":true}]}}