{"id":46160,"date":"2022-02-11T21:11:25","date_gmt":"2022-02-12T00:11:25","guid":{"rendered":"https:\/\/vocesparalelas.com.ar\/sitio\/?p=46160"},"modified":"2022-02-12T13:31:42","modified_gmt":"2022-02-12T16:31:42","slug":"hilar-san-juan-con-su-espacio-de-venta-capacitacion-y-workshops","status":"publish","type":"post","link":"https:\/\/vocesparalelas.com.ar\/sitio\/hilar-san-juan-con-su-espacio-de-venta-capacitacion-y-workshops\/","title":{"rendered":"Hilar San Juan con su espacio de venta, capacitaci\u00f3n y workshops"},"content":{"rendered":"<p>El programa Hilar San Juan sigue creciendo, y en esta oportunidad ampli\u00f3 su local con maquinaria para comenzar con un ciclo de capacitaciones, logrando que el emprendedurismo de la provincia evolucione en los procesos de dise\u00f1o como tambi\u00e9n en una producci\u00f3n sustentable.<\/p>\n<p>En este sentido, la\u00a0Direcci\u00f3n de Emprendedores Sociales\u00a0dependiente del\u00a0Ministerio de Desarrollo Humano y Promoci\u00f3n Social\u00a0dej\u00f3 inaugurado un espacio de capacitaciones, para que m\u00e1s de 1700 emprendedores y emprendedoras sanjuaninas puedan formarse en distintas t\u00e9cnicas.<\/p>\n<p>El objetivo es convertir este espacio, potenciando el talento local, con el eje puesto en proporcionar una serie de capacitaciones, donde emprendedores podr\u00e1n desarrollar sus habilidades en torno al arte, la tecnolog\u00eda y la innovaci\u00f3n.<\/p>\n<p>El acto tuvo lugar en el\u00a0local Hilar San Juan, ubicado en\u00a0Paseo del Oeste en avenida Ignacio de la Roza antes de Rastreador Cal\u00edvar, en Rivadavia. El mismo cuenta con maquinaria de primera calidad, como una estampadora industrial, una recta, una collareta, una m\u00e1quina de bordar, una estampadora de tasa, una estampadora de lapicera, que podr\u00e1 ser utilizado tanto para workshop como tambi\u00e9n para que emprendedores que quieran potenciar sus propios emprendimientos.<\/p>\n<p>En este sentido, el ministro de Desarrollo Humano y Promoci\u00f3n Social, Prof. Fabian Aballay, dio cuenta de la importancia para los emprendedores de contar de este espacio, al tiempo que destac\u00f3: \u201cEn este lugar brindamos herramientas a los emprendedores, donde el proceso productivo es fundamental. Construir y fortalecer estos espacios de contenci\u00f3n para este sector, es brindar un abanico amplio de talleres para que se puedan capacitarse, emprender o mejorar su empresa\u201d.<\/p>\n<p>\u201cEl emprendedurismo tiene un rol importante en la econom\u00eda local, por eso buscamos fomentar pol\u00edticas p\u00fablicas en favor de este sector, para que los emprendedores adquieran nuevos conocimientos y herramientas fundamentales que profundicen sus saberes, para que consigan crecer en calidad, pero tambi\u00e9n con una producci\u00f3n sustentable\u201d, finaliz\u00f3 Aballay.<\/p>\n<p>Por otro lado; la directora de Emprendedores Sociales, Ver\u00f3nica, D\u00edaz consider\u00f3 que \u201ceste espacio viene hacer un taller de capacitaciones que se desprende de Hilar San Juan. La idea es comenzar con talleres de dise\u00f1os indumentaria, confecci\u00f3n de prendas, entre otros, para impulsar a todos los emprendedores es importante brindar distintas brindando herramientas\u201d.<\/p>\n<p>Al t\u00e9rmino de la inauguraci\u00f3n, los presentes acompa\u00f1aron al ministro en una recorrida por el lugar junto al subsecretario de Articulaci\u00f3n y Abordaje Territorial, Cristian Morales; la directora de Emprendedores Sociales, Ver\u00f3nica D\u00edaz; el coordinador de la Unidad de Control de Infraestructura Social; Enrique Madrid; entre otros funcionarios ministeriales e invitados espaciales.<\/p>\n<p>Desde la cartera social se ha impulsado la idea de crear valor no solo en lo econ\u00f3mico, sino tambi\u00e9n en lo social, teniendo en cuenta satisfacer las necesidades de la comunidad de su entorno, a trav\u00e9s de una figura empresarial, como tambi\u00e9n fortalecer la articulaci\u00f3n territorial y pol\u00edticas para la reactivaci\u00f3n productiva del sector.<\/p>\n<p><span style=\"color: #99cc00;\"><strong>Direcci\u00f3n de Emprendedores Sociales<\/strong><\/span><\/p>\n<p>Los interesados pueden asesorase de forma telef\u00f3nica o de manera virtual, a trav\u00e9s de los siguientes medios:<\/p>\n<ul>\n<li>WhatsApp\u00a0<strong>264-505-3411<\/strong><\/li>\n<li>Tel\u00e9fonos de la Direcci\u00f3n de Emprendedores Sociales 4306078 &#8211; 4306059<\/li>\n<li>FanPage\u00a0<a href=\"https:\/\/www.facebook.com\/AsociativismoyEmprendedoresDeSanJuan\">Asociativismo y Emprendedores de San Juan<\/a><\/li>\n<li>En las oficinas del Centro C\u00edvico, primer (1\u00ba) Piso, N\u00facleo 2, ingreso 3<\/li>\n<li>Mail:\u00a0<span id=\"cloak40bdf2073d8bda78e9db48ced0f67966\"><a href=\"mailto:emprendedoressociales@sanjuan.gov.ar\">emprendedoressociales@sanjuan.gov.ar<\/a><\/span><\/li>\n<\/ul>\n<p>&nbsp;<\/p>\n<p>&nbsp;<\/p>\n<p>&nbsp;<\/p>\n","protected":false},"excerpt":{"rendered":"<p>El programa Hilar San Juan sigue creciendo, y en esta oportunidad ampli\u00f3 su local con maquinaria para comenzar con un<\/p>\n","protected":false},"author":3,"featured_media":46162,"comment_status":"closed","ping_status":"closed","sticky":false,"template":"","format":"standard","meta":{"_acf_changed":false,"_seopress_robots_primary_cat":"none","_seopress_titles_title":"","_seopress_titles_desc":"","_seopress_robots_index":"","colormag_page_container_layout":"default_layout","colormag_page_sidebar_layout":"default_layout","footnotes":""},"categories":[9],"tags":[],"class_list":["post-46160","post","type-post","status-publish","format-standard","has-post-thumbnail","hentry","category-cursos"],"acf":[],"_links":{"self":[{"href":"https:\/\/vocesparalelas.com.ar\/sitio\/wp-json\/wp\/v2\/posts\/46160","targetHints":{"allow":["GET"]}}],"collection":[{"href":"https:\/\/vocesparalelas.com.ar\/sitio\/wp-json\/wp\/v2\/posts"}],"about":[{"href":"https:\/\/vocesparalelas.com.ar\/sitio\/wp-json\/wp\/v2\/types\/post"}],"author":[{"embeddable":true,"href":"https:\/\/vocesparalelas.com.ar\/sitio\/wp-json\/wp\/v2\/users\/3"}],"replies":[{"embeddable":true,"href":"https:\/\/vocesparalelas.com.ar\/sitio\/wp-json\/wp\/v2\/comments?post=46160"}],"version-history":[{"count":3,"href":"https:\/\/vocesparalelas.com.ar\/sitio\/wp-json\/wp\/v2\/posts\/46160\/revisions"}],"predecessor-version":[{"id":46165,"href":"https:\/\/vocesparalelas.com.ar\/sitio\/wp-json\/wp\/v2\/posts\/46160\/revisions\/46165"}],"wp:featuredmedia":[{"embeddable":true,"href":"https:\/\/vocesparalelas.com.ar\/sitio\/wp-json\/wp\/v2\/media\/46162"}],"wp:attachment":[{"href":"https:\/\/vocesparalelas.com.ar\/sitio\/wp-json\/wp\/v2\/media?parent=46160"}],"wp:term":[{"taxonomy":"category","embeddable":true,"href":"https:\/\/vocesparalelas.com.ar\/sitio\/wp-json\/wp\/v2\/categories?post=46160"},{"taxonomy":"post_tag","embeddable":true,"href":"https:\/\/vocesparalelas.com.ar\/sitio\/wp-json\/wp\/v2\/tags?post=46160"}],"curies":[{"name":"wp","href":"https:\/\/api.w.org\/{rel}","templated":true}]}}