{"id":46142,"date":"2022-02-10T23:05:52","date_gmt":"2022-02-11T02:05:52","guid":{"rendered":"https:\/\/vocesparalelas.com.ar\/sitio\/?p=46142"},"modified":"2022-02-10T23:05:52","modified_gmt":"2022-02-11T02:05:52","slug":"se-mantuvo-una-reunion-de-fortalecimiento-interinstitucional-con-el-poder-judicial-de-san-juan","status":"publish","type":"post","link":"https:\/\/vocesparalelas.com.ar\/sitio\/se-mantuvo-una-reunion-de-fortalecimiento-interinstitucional-con-el-poder-judicial-de-san-juan\/","title":{"rendered":"Se mantuvo una reuni\u00f3n de fortalecimiento interinstitucional con el Poder Judicial de San Juan"},"content":{"rendered":"<div class=\"itemFullText jbintrotext\">\n<p>En un marco de apertura y consolidaci\u00f3n de una pol\u00edtica de Estado de articulaci\u00f3n de acciones entre los poderes Ejecutivo, Legislativo y Judicial, el vicegobernador y presidente nato de la C\u00e1mara de Diputados, CPN Roberto Gattoni, visit\u00f3 la sede del Poder Judicial, junto con el secretario Legislativo, Dr. Nicol\u00e1s Alvo; el vicepresidente primero, diputado Eduardo Cabello; el vicepresidente segundo, legislador Carlos Platero; el vicepresidente alterno, diputado DR. Edgardo Sancassani; y la titular de la Comisi\u00f3n de Justicia y Seguridad, diputada Dra. Celina Ramella. Fueron recibidos por el titular de la Corte de Justicia de San Juan, Dr. Daniel Olivares Yapur acompa\u00f1ado por los ministros de la Corte, Dr. Juan Jos\u00e9 Victoria, Dr. Guillermo De Sanctis, Dr. Marcelo Lima, la ministra Adriana Dra. Garc\u00eda Nieto; el fiscal General de la Corte, Dr. Eduardo Quattropani y la defensora General, Dra. M\u00f3nica Sefair.<\/p>\n<\/div>\n<div class=\"itemFullText\">\n<p>En la ocasi\u00f3n, el vicegobernador expres\u00f3, ante la prensa local, que \u201cesta visita es un hecho hist\u00f3rico que marca una excelente relaci\u00f3n institucional. La buena relaci\u00f3n entre los poderes del Estado contribuye a que haya m\u00e1s y mejor democracia, esto transparenta a\u00fan m\u00e1s la necesaria relaci\u00f3n que debe haber entre los tres poderes\u201d.<\/p>\n<p>Seguidamente agreg\u00f3 que \u201cquiero destacar la fluida comunicaci\u00f3n que hemos tenido que nos ha permitido trabajar los proyectos que ha enviado el Poder Judicial a la C\u00e1mara, de manera \u00e1gil, con celeridad, respondiendo a cada una de las inquietudes que los diputados y diputadas plantearon con las distintas leyes. Hay cuestiones que las hemos podido resolver en los tiempos esperados. En el a\u00f1o que concluy\u00f3 enviaron seis normas, tres leyes fueron sancionadas y quedaron los tres c\u00f3digos que se est\u00e1n tratando en las comisiones todav\u00eda debido a su complejidad y la cantidad de art\u00edculos, requieren de mayor tiempo de trabajo, pero el compromiso es que, en los pr\u00f3ximos meses, estos tres c\u00f3digos queden finalmente sancionados\u201d.<\/p>\n<p>Por \u00faltimo, sostuvo que \u201cm\u00e1s all\u00e1 de la tarea cotidiana que es abultada, y que genera una fuerte relaci\u00f3n, creo que el gesto del presidente y dem\u00e1s autoridades de la Corte de haber recibido a las autoridades de la C\u00e1mara, de habernos invitado a participar de esta reuni\u00f3n, es un gesto que una vez m\u00e1s pone a San Juan en la cima de la consolidaci\u00f3n institucional\u201d.<\/p>\n<p>Por su parte, el presidente de la Corte de Justicia manifest\u00f3 que \u201cestamos muy complacidos de haber recibido la visita de las autoridades del Poder Legislativo. Es una visita hist\u00f3rica para el Poder Judicial, \u00e9ste es un hecho que nunca antes hab\u00eda ocurrido. Hemos invitado a las autoridades del Poder Legislativo en el marco de la pol\u00edtica de Estado que tiene esta Corte de Justicia de relacionarse interinstitucionalmente, lo cual marca un ejemplo para todo el pa\u00eds, porque la relaci\u00f3n interinstitucional es la que ayuda a que se vaya construyendo justicia y que la justicia sea m\u00e1s r\u00e1pida y eficaz y llegue a toda la gente\u201d.<\/p>\n<p>Para finalizar, dijo que \u201cle hemos trasmitido a las autoridades de la C\u00e1mara nuestro m\u00e1s profundo agradecimiento por la dedicaci\u00f3n y el tratamiento que se le ha dado a las leyes enviadas durante el a\u00f1o pasado y en a\u00f1os anteriores. \u00c9stas son las herramientas que necesitamos para transformar la justicia. Estamos tambi\u00e9n muy agradecidos por el tratamiento r\u00e1pido, eficaz y muy serio que los legisladores han hecho sobre las ternas que oportunamente enviara el Consejo de la Magistratura para cubrir las vacantes del Poder Judicial\u201d.<\/p>\n<p>Cabe recordar que el 11 de agosto del 2021, en un hecho in\u00e9dito, la Corte de Justicia de San Juan con todos sus integrantes realiz\u00f3 una visita protocolar con caracter\u00edsticas similares a la C\u00e1mara de Diputados.<\/p>\n<\/div>\n<p>&nbsp;<\/p>\n","protected":false},"excerpt":{"rendered":"<p>En un marco de apertura y consolidaci\u00f3n de una pol\u00edtica de Estado de articulaci\u00f3n de acciones entre los poderes Ejecutivo,<\/p>\n","protected":false},"author":3,"featured_media":46144,"comment_status":"closed","ping_status":"closed","sticky":false,"template":"","format":"standard","meta":{"_acf_changed":false,"_seopress_robots_primary_cat":"none","_seopress_titles_title":"","_seopress_titles_desc":"","_seopress_robots_index":"","colormag_page_container_layout":"default_layout","colormag_page_sidebar_layout":"default_layout","footnotes":""},"categories":[6],"tags":[],"class_list":["post-46142","post","type-post","status-publish","format-standard","has-post-thumbnail","hentry","category-eventos"],"acf":[],"_links":{"self":[{"href":"https:\/\/vocesparalelas.com.ar\/sitio\/wp-json\/wp\/v2\/posts\/46142","targetHints":{"allow":["GET"]}}],"collection":[{"href":"https:\/\/vocesparalelas.com.ar\/sitio\/wp-json\/wp\/v2\/posts"}],"about":[{"href":"https:\/\/vocesparalelas.com.ar\/sitio\/wp-json\/wp\/v2\/types\/post"}],"author":[{"embeddable":true,"href":"https:\/\/vocesparalelas.com.ar\/sitio\/wp-json\/wp\/v2\/users\/3"}],"replies":[{"embeddable":true,"href":"https:\/\/vocesparalelas.com.ar\/sitio\/wp-json\/wp\/v2\/comments?post=46142"}],"version-history":[{"count":1,"href":"https:\/\/vocesparalelas.com.ar\/sitio\/wp-json\/wp\/v2\/posts\/46142\/revisions"}],"predecessor-version":[{"id":46145,"href":"https:\/\/vocesparalelas.com.ar\/sitio\/wp-json\/wp\/v2\/posts\/46142\/revisions\/46145"}],"wp:featuredmedia":[{"embeddable":true,"href":"https:\/\/vocesparalelas.com.ar\/sitio\/wp-json\/wp\/v2\/media\/46144"}],"wp:attachment":[{"href":"https:\/\/vocesparalelas.com.ar\/sitio\/wp-json\/wp\/v2\/media?parent=46142"}],"wp:term":[{"taxonomy":"category","embeddable":true,"href":"https:\/\/vocesparalelas.com.ar\/sitio\/wp-json\/wp\/v2\/categories?post=46142"},{"taxonomy":"post_tag","embeddable":true,"href":"https:\/\/vocesparalelas.com.ar\/sitio\/wp-json\/wp\/v2\/tags?post=46142"}],"curies":[{"name":"wp","href":"https:\/\/api.w.org\/{rel}","templated":true}]}}