{"id":46136,"date":"2022-02-10T21:03:33","date_gmt":"2022-02-11T00:03:33","guid":{"rendered":"https:\/\/vocesparalelas.com.ar\/sitio\/?p=46136"},"modified":"2022-02-10T21:03:33","modified_gmt":"2022-02-11T00:03:33","slug":"se-lanzo-la-2-parte-del-programa-nacional-de-infraestructura-universitaria-nacionales-de-argentina","status":"publish","type":"post","link":"https:\/\/vocesparalelas.com.ar\/sitio\/se-lanzo-la-2-parte-del-programa-nacional-de-infraestructura-universitaria-nacionales-de-argentina\/","title":{"rendered":"Se lanz\u00f3 la 2\u00b0 Parte del Programa Nacional de Infraestructura Universitaria Nacionales de Argentina"},"content":{"rendered":"<p>El presidente de Argentina, Dr. Alberto Fern\u00e1ndez asegur\u00f3 que \u201cno hay mejor inversi\u00f3n en la sociedad del presente que la inversi\u00f3n en educaci\u00f3n\u201d. Lo hizo al lanzar, en el Museo del Bicentenario de Casa Rosada, la segunda etapa del Programa Nacional de Infraestructura Universitaria, que contempla una inversi\u00f3n total de 33.274 millones de pesos para la realizaci\u00f3n de 75 nuevas obras en universidades ubicadas en las 24 jurisdicciones del pa\u00eds.<\/p>\n<p>\u201cQue nosotros sigamos desarrollando infraestructura en universidades es la mejor inversi\u00f3n que podemos hacer, porque estamos invirtiendo en el futuro y porque nada nos va a hacer m\u00e1s ricos que tener generaciones de argentinos que desarrollen el conocimiento, que puedan investigar y desarrollar la ciencia y la tecnolog\u00eda\u201d, afirm\u00f3.<\/p>\n<p>El mandatario estuvo acompa\u00f1ado por los ministros de Educaci\u00f3n, Lic. Jaime Perczyk, y de Obras P\u00fablicas, Ing. Gabriel Katopodis, adem\u00e1s de por las rectoras de la Universidad Nacional de Misiones, Ing. Alicia Bohren, y de la Universidad Nacional de la Patagonia San Juan Bosco, Prof. Lidia Blanco.<\/p>\n<p>\u201cCuando toca hacer frente de las deudas, siempre dijimos que no es a costa de ajuste sobre la salud p\u00fablica, sobre la educaci\u00f3n y menos sobre la ciencia y la tecnolog\u00eda. Estamos dando un paso en ese sentido. Nos dejaron sin presupuesto, lo que no nos dejaron es sin decisi\u00f3n pol\u00edtica\u201d, enfatiz\u00f3.<\/p>\n<p>Tambi\u00e9n expres\u00f3 que \u201cla Argentina, que ha tenido el enorme privilegio de desarrollar la educaci\u00f3n p\u00fablica como la desarroll\u00f3, no puede quedar atr\u00e1s, no puede desaprovechar el potencial que ha logrado fortaleciendo a lo largo de los a\u00f1os la educaci\u00f3n p\u00fablica y que hoy le permite tener universidades de excelencia\u201d.<\/p>\n<p>El Lic. Perczyk destac\u00f3 que en el marco del Programa \u201chay obras en todas las universidades que presentaron proyectos, sin discriminar y en todas las regiones, con tres criterios: aulas, porque la idea es que haya m\u00e1s estudiantes y con mejores condiciones; laboratorios, porque hay universidades que no tienen y para que los estudiantes hagan investigaci\u00f3n, y el tercero es bibliotecas, hay universidades y facultades que no tienen bibliotecas y es algo central para el funcionamiento de una universidad\u201d.<\/p>\n<p>Seguidamente, el Ing. Katopodis record\u00f3 que el primer tramo del programa se defini\u00f3 \u201cen el medio de la peor tragedia sanitaria de la Argentina\u201d, en el que \u201clas universidades le pusieron el cuerpo de distintas maneras a un momento muy delicado\u201d. Y consider\u00f3 que \u201cen este segundo tramo las obras se dan en otro momento de la Argentina, esta inversi\u00f3n reafirma el sentido y la prioridad de la educaci\u00f3n en nuestro gobierno y marca el momento bisagra en el que estamos, definiendo qu\u00e9 tipo de desarrollo necesita nuestro pa\u00eds\u201d.<\/p>\n<p>A continuaci\u00f3n la Ing. Bohren, por su parte, consider\u00f3 que el \u201canuncio es tan importante para nuestras universidades porque todas estamos creciendo, nos estamos desarrollando, la demanda de infraestructura es muy importante, y cada universidad est\u00e1 aportando al desarrollo local y regional\u201d. Adem\u00e1s, valor\u00f3 el \u201cacompa\u00f1amiento del Estado nacional durante la pandemia con recursos\u201d para las distintas universidades.<\/p>\n<p>Los proyectos del Programa Nacional de Infraestructura Universitaria, que benefician a 1,5 millones de estudiantes y docentes, son ejecutados con fondos de Obras P\u00fablicas en articulaci\u00f3n con la Secretar\u00eda de Pol\u00edticas Universitarias y recibe un financiamiento mixto con recursos del Banco de Desarrollo de Am\u00e9rica Latina (CAF) y del Tesoro Nacional.<\/p>\n<p>Adem\u00e1s, en el acto qued\u00f3 inaugurado el nuevo edificio anexo de la Facultad de Filosof\u00eda y Letras, que posee 6.575 m2, se encuentra en el barrio porte\u00f1o de Caballito y beneficiar\u00e1 a unos 8.500 estudiantes que cursan las diversas carreras de la Facultad.<\/p>\n<p>La obra cuenta con una planta baja, conformada por un patio descubierto, sectores de servicios, SUM comedor, mini auditorio y dep\u00f3sitos; nueve pisos compuestos por aulas, institutos de investigaci\u00f3n con sus respectivos sectores de servicios y circulaci\u00f3n, una biblioteca, una guarder\u00eda, un SUM y una terraza descubierta.<\/p>\n<p><iframe loading=\"lazy\" title=\"El presidente Alberto Fern\u00e1ndez lanz\u00f3 el Programa Nacional de Infraestructura Universitaria\" width=\"800\" height=\"450\" src=\"https:\/\/www.youtube.com\/embed\/Go2tPYZU54M?feature=oembed\" frameborder=\"0\" allow=\"accelerometer; autoplay; clipboard-write; encrypted-media; gyroscope; picture-in-picture\" allowfullscreen><\/iframe><\/p>\n","protected":false},"excerpt":{"rendered":"<p>El presidente de Argentina, Dr. Alberto Fern\u00e1ndez asegur\u00f3 que \u201cno hay mejor inversi\u00f3n en la sociedad del presente que la<\/p>\n","protected":false},"author":3,"featured_media":46138,"comment_status":"closed","ping_status":"closed","sticky":false,"template":"","format":"video","meta":{"_acf_changed":false,"_seopress_robots_primary_cat":"none","_seopress_titles_title":"","_seopress_titles_desc":"","_seopress_robots_index":"","colormag_page_container_layout":"default_layout","colormag_page_sidebar_layout":"default_layout","footnotes":""},"categories":[1,7],"tags":[],"class_list":["post-46136","post","type-post","status-publish","format-video","has-post-thumbnail","hentry","category-destacadas","category-videos","post_format-post-format-video"],"acf":[],"_links":{"self":[{"href":"https:\/\/vocesparalelas.com.ar\/sitio\/wp-json\/wp\/v2\/posts\/46136","targetHints":{"allow":["GET"]}}],"collection":[{"href":"https:\/\/vocesparalelas.com.ar\/sitio\/wp-json\/wp\/v2\/posts"}],"about":[{"href":"https:\/\/vocesparalelas.com.ar\/sitio\/wp-json\/wp\/v2\/types\/post"}],"author":[{"embeddable":true,"href":"https:\/\/vocesparalelas.com.ar\/sitio\/wp-json\/wp\/v2\/users\/3"}],"replies":[{"embeddable":true,"href":"https:\/\/vocesparalelas.com.ar\/sitio\/wp-json\/wp\/v2\/comments?post=46136"}],"version-history":[{"count":1,"href":"https:\/\/vocesparalelas.com.ar\/sitio\/wp-json\/wp\/v2\/posts\/46136\/revisions"}],"predecessor-version":[{"id":46139,"href":"https:\/\/vocesparalelas.com.ar\/sitio\/wp-json\/wp\/v2\/posts\/46136\/revisions\/46139"}],"wp:featuredmedia":[{"embeddable":true,"href":"https:\/\/vocesparalelas.com.ar\/sitio\/wp-json\/wp\/v2\/media\/46138"}],"wp:attachment":[{"href":"https:\/\/vocesparalelas.com.ar\/sitio\/wp-json\/wp\/v2\/media?parent=46136"}],"wp:term":[{"taxonomy":"category","embeddable":true,"href":"https:\/\/vocesparalelas.com.ar\/sitio\/wp-json\/wp\/v2\/categories?post=46136"},{"taxonomy":"post_tag","embeddable":true,"href":"https:\/\/vocesparalelas.com.ar\/sitio\/wp-json\/wp\/v2\/tags?post=46136"}],"curies":[{"name":"wp","href":"https:\/\/api.w.org\/{rel}","templated":true}]}}