{"id":4613,"date":"2017-09-03T17:37:36","date_gmt":"2017-09-03T20:37:36","guid":{"rendered":"http:\/\/vocesparalelas.com.ar\/sitio\/?p=4613"},"modified":"2017-11-10T17:10:42","modified_gmt":"2017-11-10T20:10:42","slug":"consultor-politico-de-san-juan-gano-el-premio-internacional-mejor-campana-electoral-del-ano","status":"publish","type":"post","link":"https:\/\/vocesparalelas.com.ar\/sitio\/consultor-politico-de-san-juan-gano-el-premio-internacional-mejor-campana-electoral-del-ano\/","title":{"rendered":"Consultor Pol\u00edtico de San Juan gan\u00f3 el Premio internacional \u00abMejor Campa\u00f1a Electoral del A\u00f1o\u00bb"},"content":{"rendered":"<p>El estratega pol\u00edtico Maximiliano Aguiar fue galardonado como autor de la \u00abMejor Campa\u00f1a Electoral del A\u00f1o\u00bb, con uno de los prestigiosos Napolitans Victory Awards que se entregan en la ciudad de Washington, EEUU.<\/p>\n<p>Los Napolitans son conocidos como los \u201cOscars de la Consultor\u00eda Pol\u00edtica\u201d y se entregan una vez por a\u00f1o para premiar a los mejores consultores pol\u00edticos de Iberoam\u00e9rica. En este evento, organizado por \u201cThe Washington Academy of Political Arts and Sciences\u201d, el consultor sanjuanino fue reconocido\u00a0 por la Estrategia de la Campa\u00f1a Presidencial de Pedro Pablo Kuczynsky para la primera vuelta de las elecciones peruanas de 2016.<\/p>\n<p>En dicha campa\u00f1a, el argentino comenz\u00f3 su trabajo con un candidato que ten\u00eda s\u00f3lo 9% de intenci\u00f3n de voto y estaba en franca ca\u00edda. Con su participaci\u00f3n, el hoy presidente peruano revirti\u00f3 esa ca\u00edda y lleg\u00f3 a la segunda vuelta electoral. Al finalizar el trabajo del argentino en la campa\u00f1a, Kuczynsky ten\u00eda un 52% de intenci\u00f3n de voto, y una ventaja de 4 puntos sobre su rival Keiko Fujimori.<\/p>\n<p>Al recibir el premio, en su discurso, el argentino afirm\u00f3 que \u201cla profesionalizaci\u00f3n de las campa\u00f1as electorales es un proceso en marcha en Am\u00e9rica Latina, las nuevas tecnolog\u00edas son centrales y cambian el modo de hacer pol\u00edtica. Pero no hay que olvidar que las Campa\u00f1as deben realizarse respetando los valores \u00e9ticos, y debemos tener bien en claro que desde nuestro lugar como Consultores Pol\u00edticos podemos aportar para mejorar la calidad de las democracias en Iberoam\u00e9rica\u201d.<\/p>\n<p>Aguiar es soci\u00f3logo y ha dise\u00f1ado estrategias para m\u00e1s de 50 campa\u00f1as en 8 pa\u00edses en Latinoam\u00e9rica, recibiendo varios premios internacionales en los \u00faltimos a\u00f1os, entre los que se encuentran tres premios de la Asociaci\u00f3n Latinoamericana de Consultores Pol\u00edticos &#8211; ALaCoP -, entre ellos el \u201cConsultor Pol\u00edtico del A\u00f1o 2016\u201d. A estos galardones, se suma ahora uno m\u00e1s, esta vez el premio m\u00e1s prestigioso para consultores de habla hispana.<\/p>\n<p>&nbsp;<\/p>\n<p>&nbsp;<\/p>\n<p>&nbsp;<\/p>\n","protected":false},"excerpt":{"rendered":"<p>El estratega pol\u00edtico Maximiliano Aguiar fue galardonado como autor de la \u00abMejor Campa\u00f1a Electoral del A\u00f1o\u00bb, con uno de los<\/p>\n","protected":false},"author":3,"featured_media":4614,"comment_status":"closed","ping_status":"closed","sticky":false,"template":"","format":"standard","meta":{"_acf_changed":false,"_seopress_robots_primary_cat":"","_seopress_titles_title":"","_seopress_titles_desc":"","_seopress_robots_index":"","colormag_page_container_layout":"default_layout","colormag_page_sidebar_layout":"default_layout","footnotes":""},"categories":[6],"tags":[],"class_list":["post-4613","post","type-post","status-publish","format-standard","has-post-thumbnail","hentry","category-eventos"],"acf":[],"_links":{"self":[{"href":"https:\/\/vocesparalelas.com.ar\/sitio\/wp-json\/wp\/v2\/posts\/4613","targetHints":{"allow":["GET"]}}],"collection":[{"href":"https:\/\/vocesparalelas.com.ar\/sitio\/wp-json\/wp\/v2\/posts"}],"about":[{"href":"https:\/\/vocesparalelas.com.ar\/sitio\/wp-json\/wp\/v2\/types\/post"}],"author":[{"embeddable":true,"href":"https:\/\/vocesparalelas.com.ar\/sitio\/wp-json\/wp\/v2\/users\/3"}],"replies":[{"embeddable":true,"href":"https:\/\/vocesparalelas.com.ar\/sitio\/wp-json\/wp\/v2\/comments?post=4613"}],"version-history":[{"count":0,"href":"https:\/\/vocesparalelas.com.ar\/sitio\/wp-json\/wp\/v2\/posts\/4613\/revisions"}],"wp:featuredmedia":[{"embeddable":true,"href":"https:\/\/vocesparalelas.com.ar\/sitio\/wp-json\/wp\/v2\/media\/4614"}],"wp:attachment":[{"href":"https:\/\/vocesparalelas.com.ar\/sitio\/wp-json\/wp\/v2\/media?parent=4613"}],"wp:term":[{"taxonomy":"category","embeddable":true,"href":"https:\/\/vocesparalelas.com.ar\/sitio\/wp-json\/wp\/v2\/categories?post=4613"},{"taxonomy":"post_tag","embeddable":true,"href":"https:\/\/vocesparalelas.com.ar\/sitio\/wp-json\/wp\/v2\/tags?post=4613"}],"curies":[{"name":"wp","href":"https:\/\/api.w.org\/{rel}","templated":true}]}}