{"id":46128,"date":"2022-02-10T20:19:40","date_gmt":"2022-02-10T23:19:40","guid":{"rendered":"https:\/\/vocesparalelas.com.ar\/sitio\/?p=46128"},"modified":"2022-02-10T20:19:40","modified_gmt":"2022-02-10T23:19:40","slug":"encuentro-de-dialogo-por-el-dia-internacional-de-la-mujer-y-la-nina-en-la-ciencia-virtual-de-la-fi-de-la-unsj","status":"publish","type":"post","link":"https:\/\/vocesparalelas.com.ar\/sitio\/encuentro-de-dialogo-por-el-dia-internacional-de-la-mujer-y-la-nina-en-la-ciencia-virtual-de-la-fi-de-la-unsj\/","title":{"rendered":"Encuentro de di\u00e1logo por el D\u00eda Internacional de la Mujer y la Ni\u00f1a en la Ciencia virtual de la FI de la UNSJ"},"content":{"rendered":"<p>El marco del D\u00eda Internacional de la Mujer y la Ni\u00f1a en la Ciencia que se recuerda cada 11 de febrero, se realizar\u00e1 un encuentro interclaustro en la Facultad de Ingenier\u00eda de la Universidad Nacional de San Juan, con el fin de coordinar pol\u00edticas de g\u00e9nero y diversidad.<\/p>\n<p>La reuni\u00f3n se celebra el Viernes, 11 de Febrero, a partir de las 16 hs. v\u00eda Zoom.<\/p>\n<p>Durante la reuni\u00f3n se prev\u00e9 dialogar y consensuar l\u00edneas de acci\u00f3n sobre:<\/p>\n<ul>\n<li>Creaci\u00f3n de Comisi\u00f3n de G\u00e9nero dentro del Consejo Directivo de la Facultad de Ingenier\u00eda<\/li>\n<li>Espacios de voluntariado y equipos de investigaci\u00f3n interdisciplinarios, formados en la FI sobre Ingenier\u00eda y G\u00e9nero<\/li>\n<li>Capacitaci\u00f3n de Formadores con Perspectiva de G\u00e9nero del Consejo Federal de Decanas y Decanos de Ingenier\u00eda (CONFEDI)<\/li>\n<li>Ley Micaela<\/li>\n<li>\u00a0Oferta Educativa<\/li>\n<\/ul>\n<p><img loading=\"lazy\" decoding=\"async\" class=\"alignnone size-large wp-image-23028\" src=\"https:\/\/vocesparalelas.com.ar\/sitio\/wp-content\/uploads\/2019\/08\/FI-UNSJ-EDIFICIO-800x600.jpg\" alt=\"\" width=\"800\" height=\"600\" srcset=\"https:\/\/vocesparalelas.com.ar\/sitio\/wp-content\/uploads\/2019\/08\/FI-UNSJ-EDIFICIO-800x600.jpg 800w, https:\/\/vocesparalelas.com.ar\/sitio\/wp-content\/uploads\/2019\/08\/FI-UNSJ-EDIFICIO-300x225.jpg 300w, https:\/\/vocesparalelas.com.ar\/sitio\/wp-content\/uploads\/2019\/08\/FI-UNSJ-EDIFICIO-768x576.jpg 768w, https:\/\/vocesparalelas.com.ar\/sitio\/wp-content\/uploads\/2019\/08\/FI-UNSJ-EDIFICIO.jpg 888w\" sizes=\"auto, (max-width: 800px) 100vw, 800px\" \/><\/p>\n","protected":false},"excerpt":{"rendered":"<p>El marco del D\u00eda Internacional de la Mujer y la Ni\u00f1a en la Ciencia que se recuerda cada 11 de<\/p>\n","protected":false},"author":3,"featured_media":28410,"comment_status":"closed","ping_status":"closed","sticky":false,"template":"","format":"standard","meta":{"_acf_changed":false,"_seopress_robots_primary_cat":"none","_seopress_titles_title":"","_seopress_titles_desc":"","_seopress_robots_index":"","colormag_page_container_layout":"default_layout","colormag_page_sidebar_layout":"default_layout","footnotes":""},"categories":[1],"tags":[],"class_list":["post-46128","post","type-post","status-publish","format-standard","has-post-thumbnail","hentry","category-destacadas"],"acf":[],"_links":{"self":[{"href":"https:\/\/vocesparalelas.com.ar\/sitio\/wp-json\/wp\/v2\/posts\/46128","targetHints":{"allow":["GET"]}}],"collection":[{"href":"https:\/\/vocesparalelas.com.ar\/sitio\/wp-json\/wp\/v2\/posts"}],"about":[{"href":"https:\/\/vocesparalelas.com.ar\/sitio\/wp-json\/wp\/v2\/types\/post"}],"author":[{"embeddable":true,"href":"https:\/\/vocesparalelas.com.ar\/sitio\/wp-json\/wp\/v2\/users\/3"}],"replies":[{"embeddable":true,"href":"https:\/\/vocesparalelas.com.ar\/sitio\/wp-json\/wp\/v2\/comments?post=46128"}],"version-history":[{"count":1,"href":"https:\/\/vocesparalelas.com.ar\/sitio\/wp-json\/wp\/v2\/posts\/46128\/revisions"}],"predecessor-version":[{"id":46130,"href":"https:\/\/vocesparalelas.com.ar\/sitio\/wp-json\/wp\/v2\/posts\/46128\/revisions\/46130"}],"wp:featuredmedia":[{"embeddable":true,"href":"https:\/\/vocesparalelas.com.ar\/sitio\/wp-json\/wp\/v2\/media\/28410"}],"wp:attachment":[{"href":"https:\/\/vocesparalelas.com.ar\/sitio\/wp-json\/wp\/v2\/media?parent=46128"}],"wp:term":[{"taxonomy":"category","embeddable":true,"href":"https:\/\/vocesparalelas.com.ar\/sitio\/wp-json\/wp\/v2\/categories?post=46128"},{"taxonomy":"post_tag","embeddable":true,"href":"https:\/\/vocesparalelas.com.ar\/sitio\/wp-json\/wp\/v2\/tags?post=46128"}],"curies":[{"name":"wp","href":"https:\/\/api.w.org\/{rel}","templated":true}]}}