{"id":46104,"date":"2022-02-09T23:17:16","date_gmt":"2022-02-10T02:17:16","guid":{"rendered":"https:\/\/vocesparalelas.com.ar\/sitio\/?p=46104"},"modified":"2022-02-10T21:06:55","modified_gmt":"2022-02-11T00:06:55","slug":"convocatoria-para-integrar-a-la-programacion-crudo-festival-de-san-juan","status":"publish","type":"post","link":"https:\/\/vocesparalelas.com.ar\/sitio\/convocatoria-para-integrar-a-la-programacion-crudo-festival-de-san-juan\/","title":{"rendered":"Convocatoria para integrar a la programaci\u00f3n Crudo Festival de San Juan"},"content":{"rendered":"<p>Desde el 22 hasta el 24 de Abril de 2022, se desarrolla la segunda edici\u00f3n del festival de la danza independiente en el Teatro Sarmiento.<\/p>\n<p>En este marco, qued\u00f3 abierta la convocatoria para integrar la programaci\u00f3n de obras y\/o espect\u00e1culos de Crudo, la cual se extiende hasta el 18 de Febrero.<\/p>\n<p>La producci\u00f3n de Crudo est\u00e1 organizada por hacedores de la danza independiente de San Juan, cuenta con el apoyo del Ministerio de Turismo y Cultura, y tiene como objetivo explorar materiales concretos del repertorio local, como tambi\u00e9n trabajar en la selecci\u00f3n de obras actuales, generando un despliegue de escenas del pasado y tambi\u00e9n de obras del archivo presente.<\/p>\n<p>La comisi\u00f3n de selecci\u00f3n estar\u00e1 integrada por dos representantes del festival y una persona con formaci\u00f3n y trayectoria en curadur\u00eda en artes esc\u00e9nicas de AMBA, en representaci\u00f3n de colectivos y organizaciones aliadas con las que se tejen v\u00ednculos de gesti\u00f3n en red.<\/p>\n<p>Una vez finalizada la convocatoria,\u00a0se seleccionar\u00e1n tres obras y\/o espect\u00e1culos y una suplente, las cuales tendr\u00e1n su funci\u00f3n durante el desarrollo del festival.<\/p>\n<p>Para mayor informaci\u00f3n y consultas, los aspirantes pueden enviar un correo a\u00a0<span id=\"cloakf4291e599fe5033ff15ddf60261db998\"><a href=\"mailto:encuentroencrudo@gmail.com\">encuentroencrudo@gmail.com<\/a><\/span>, mientras que\u00a0el formulario de inscripci\u00f3n, bases y condiciones est\u00e1 disponible en\u00a0<a href=\"https:\/\/forms.gle\/uTGXtq7kodgoX2zp8\">https:\/\/forms.gle\/uTGXtq7kodgoX2zp8<\/a><\/p>\n<p>A su vez, el Lunes, 14 de Febrero, a las 20 hs, se desarrolla una reuni\u00f3n informativa v\u00eda meet con los postulantes para responder dudas y consultas.<\/p>\n<p><strong>El link para participar<\/strong><\/p>\n<p><a href=\"https:\/\/meet.google.com\/dkn-neys-tuz\">https:\/\/meet.google.com\/dkn-neys-tuz<\/a><\/p>\n","protected":false},"excerpt":{"rendered":"<p>Desde el 22 hasta el 24 de Abril de 2022, se desarrolla la segunda edici\u00f3n del festival de la danza<\/p>\n","protected":false},"author":3,"featured_media":15606,"comment_status":"closed","ping_status":"closed","sticky":false,"template":"","format":"standard","meta":{"_acf_changed":false,"_seopress_robots_primary_cat":"none","_seopress_titles_title":"","_seopress_titles_desc":"","_seopress_robots_index":"","colormag_page_container_layout":"default_layout","colormag_page_sidebar_layout":"default_layout","footnotes":""},"categories":[2],"tags":[],"class_list":["post-46104","post","type-post","status-publish","format-standard","has-post-thumbnail","hentry","category-convocatorias"],"acf":[],"_links":{"self":[{"href":"https:\/\/vocesparalelas.com.ar\/sitio\/wp-json\/wp\/v2\/posts\/46104","targetHints":{"allow":["GET"]}}],"collection":[{"href":"https:\/\/vocesparalelas.com.ar\/sitio\/wp-json\/wp\/v2\/posts"}],"about":[{"href":"https:\/\/vocesparalelas.com.ar\/sitio\/wp-json\/wp\/v2\/types\/post"}],"author":[{"embeddable":true,"href":"https:\/\/vocesparalelas.com.ar\/sitio\/wp-json\/wp\/v2\/users\/3"}],"replies":[{"embeddable":true,"href":"https:\/\/vocesparalelas.com.ar\/sitio\/wp-json\/wp\/v2\/comments?post=46104"}],"version-history":[{"count":1,"href":"https:\/\/vocesparalelas.com.ar\/sitio\/wp-json\/wp\/v2\/posts\/46104\/revisions"}],"predecessor-version":[{"id":46106,"href":"https:\/\/vocesparalelas.com.ar\/sitio\/wp-json\/wp\/v2\/posts\/46104\/revisions\/46106"}],"wp:featuredmedia":[{"embeddable":true,"href":"https:\/\/vocesparalelas.com.ar\/sitio\/wp-json\/wp\/v2\/media\/15606"}],"wp:attachment":[{"href":"https:\/\/vocesparalelas.com.ar\/sitio\/wp-json\/wp\/v2\/media?parent=46104"}],"wp:term":[{"taxonomy":"category","embeddable":true,"href":"https:\/\/vocesparalelas.com.ar\/sitio\/wp-json\/wp\/v2\/categories?post=46104"},{"taxonomy":"post_tag","embeddable":true,"href":"https:\/\/vocesparalelas.com.ar\/sitio\/wp-json\/wp\/v2\/tags?post=46104"}],"curies":[{"name":"wp","href":"https:\/\/api.w.org\/{rel}","templated":true}]}}