{"id":46094,"date":"2022-02-09T22:01:09","date_gmt":"2022-02-10T01:01:09","guid":{"rendered":"https:\/\/vocesparalelas.com.ar\/sitio\/?p=46094"},"modified":"2022-02-10T22:05:53","modified_gmt":"2022-02-11T01:05:53","slug":"xi-edicion-del-taller-de-ciencias-planetarias-en-forma-virtual","status":"publish","type":"post","link":"https:\/\/vocesparalelas.com.ar\/sitio\/xi-edicion-del-taller-de-ciencias-planetarias-en-forma-virtual\/","title":{"rendered":"XI edici\u00f3n del \u201cTaller de Ciencias Planetarias\u201d en forma virtual"},"content":{"rendered":"<p>El 14; 15; 16 y el 17 de Febrero, se realiza la XI edici\u00f3n del \u201cTaller de Ciencias Planetarias\u201d, organizado por el Gabinete de Ciencias Planetarias del Departamento de Geof\u00edsica y Astronom\u00eda, de la Facultad de Ciencias Exactas, F\u00edsicas y Naturales de la Universidad Nacional de San Juan.<\/p>\n<p>El Dr. Ricardo Alfredo Gil-Hutton, investigador de ese Departamento de Geof\u00edsica y Astronom\u00eda manifest\u00f3 que \u00abes una reuni\u00f3n cient\u00edfica de investigadores y becarios doctorales y posdoctorales que se dedican a las ciencias planetarias en todo el Cono Sur de Am\u00e9rica. La reuni\u00f3n se viene realizando en forma bianual desde 1999 en diferentes lugares de Sudam\u00e9rica y esta vez nos ha tocado a nosotros realizarla de manera virtual. Vamos a tener actividades para los profesionales y, desde el Lunes al Jueves, a las 19.30, va a haber actividad para todo p\u00fablico con charlas dadas por profesionales del \u00e1rea\u201d.<\/p>\n<p>El astr\u00f3nomo de la UNSJ se\u00f1al\u00f3 que \u00abesas charlas giran en torno a planetas enanos e incluso c\u00f3mo se nombran los asteroides en el sistema solar y c\u00f3mo se forman los planetas. Adem\u00e1s, las charlas de tipo p\u00fablico como sesiones cient\u00edficas que se realizan durante el taller quedan disponibles en el sitio Youtube de la Facultad de Ciencias Exactas, F\u00edsicas y Naturales de la UNSJ\u00bb.<\/p>\n<p><span style=\"color: #33cccc;\"><strong>Las charlas<\/strong><\/span><\/p>\n<ul>\n<li>Lunes, 14 de Febrero, a las 19:30 hs.: \u201c\u00bfLe puedo poner mi nombre a un asteroide?\u201d por M. Ca\u00f1ada-Assandri.<\/li>\n<li>Martes, 15 de Febrero, a las 19:30 hs.: \u201cAsteroides y cometas cercanos a la Tierra: \u00bfuna amenaza para la vida en nuestro planeta?\u201d por A. Sosa.<\/li>\n<li>Mi\u00e9rcoles, 16 de Febrero, a las 19:30 hs.: \u201cPlanetas\u2026 \u00bfenanos?\u201d por F. Roig.<\/li>\n<li>Jueves, 17 de Febrero, a las 19:30 hs.: \u201cLa impetuosa historia de nuestros planetas rocosos\u201d por T. Gallardo.<\/li>\n<\/ul>\n<p>Se transmiten, con acceso libre y gratuito, por Zoom.<\/p>\n<p><strong><span style=\"color: #33cccc;\">El acceso se realiza mediante:<\/span><\/strong><\/p>\n<ul>\n<li>ID de reuni\u00f3n: 391 471 2694<\/li>\n<li>password: tcpxi-charlas<\/li>\n<\/ul>\n","protected":false},"excerpt":{"rendered":"<p>El 14; 15; 16 y el 17 de Febrero, se realiza la XI edici\u00f3n del \u201cTaller de Ciencias Planetarias\u201d, organizado<\/p>\n","protected":false},"author":3,"featured_media":46096,"comment_status":"closed","ping_status":"closed","sticky":false,"template":"","format":"standard","meta":{"_acf_changed":false,"_seopress_robots_primary_cat":"none","_seopress_titles_title":"","_seopress_titles_desc":"","_seopress_robots_index":"","colormag_page_container_layout":"default_layout","colormag_page_sidebar_layout":"default_layout","footnotes":""},"categories":[9],"tags":[],"class_list":["post-46094","post","type-post","status-publish","format-standard","has-post-thumbnail","hentry","category-cursos"],"acf":[],"_links":{"self":[{"href":"https:\/\/vocesparalelas.com.ar\/sitio\/wp-json\/wp\/v2\/posts\/46094","targetHints":{"allow":["GET"]}}],"collection":[{"href":"https:\/\/vocesparalelas.com.ar\/sitio\/wp-json\/wp\/v2\/posts"}],"about":[{"href":"https:\/\/vocesparalelas.com.ar\/sitio\/wp-json\/wp\/v2\/types\/post"}],"author":[{"embeddable":true,"href":"https:\/\/vocesparalelas.com.ar\/sitio\/wp-json\/wp\/v2\/users\/3"}],"replies":[{"embeddable":true,"href":"https:\/\/vocesparalelas.com.ar\/sitio\/wp-json\/wp\/v2\/comments?post=46094"}],"version-history":[{"count":1,"href":"https:\/\/vocesparalelas.com.ar\/sitio\/wp-json\/wp\/v2\/posts\/46094\/revisions"}],"predecessor-version":[{"id":46097,"href":"https:\/\/vocesparalelas.com.ar\/sitio\/wp-json\/wp\/v2\/posts\/46094\/revisions\/46097"}],"wp:featuredmedia":[{"embeddable":true,"href":"https:\/\/vocesparalelas.com.ar\/sitio\/wp-json\/wp\/v2\/media\/46096"}],"wp:attachment":[{"href":"https:\/\/vocesparalelas.com.ar\/sitio\/wp-json\/wp\/v2\/media?parent=46094"}],"wp:term":[{"taxonomy":"category","embeddable":true,"href":"https:\/\/vocesparalelas.com.ar\/sitio\/wp-json\/wp\/v2\/categories?post=46094"},{"taxonomy":"post_tag","embeddable":true,"href":"https:\/\/vocesparalelas.com.ar\/sitio\/wp-json\/wp\/v2\/tags?post=46094"}],"curies":[{"name":"wp","href":"https:\/\/api.w.org\/{rel}","templated":true}]}}