{"id":46091,"date":"2022-02-09T21:51:03","date_gmt":"2022-02-10T00:51:03","guid":{"rendered":"https:\/\/vocesparalelas.com.ar\/sitio\/?p=46091"},"modified":"2022-02-10T14:06:35","modified_gmt":"2022-02-10T17:06:35","slug":"nueva-tarifa-en-el-transporte-publico-de-san-juan","status":"publish","type":"post","link":"https:\/\/vocesparalelas.com.ar\/sitio\/nueva-tarifa-en-el-transporte-publico-de-san-juan\/","title":{"rendered":"Nueva tarifa en el transporte p\u00fablico de San Juan"},"content":{"rendered":"<p>A trav\u00e9s de la Resoluci\u00f3n N\u00b0 0072-STT-2022, a partir de las 00:00 horas del S\u00e1bado, 19 de Febrero de 2022 comienza la vigencia del nuevo cuadro tarifario para el servicio de transporte p\u00fablico de San Juan.<\/p>\n<p>De esta manera, y a trav\u00e9s de sus facultades, la Secretar\u00eda de Tr\u00e1nsito y Transporte inform\u00f3 que el boleto pasar\u00e1 de $29,60 a $38,48. El boleto escolar tendr\u00e1 un valor de $12.74 y los docentes pasar\u00e1n a abonar $19,24.<\/p>\n<p>Desde la cartera, comentaron que aunque el \u00faltimo aumento al transporte p\u00fablico tiene registro del 15 de marzo de 2021, la vigencia de aquella tarifa deber\u00eda haber sido efectuada en diciembre de 2019.<\/p>\n<p>Adem\u00e1s, explicaron que tras un esfuerzo importante de la Provincia, con una inversi\u00f3n de $127.000.000 de pesos mensuales en el 2020, en enero de aquel a\u00f1o qued\u00f3 sin efecto la suba, y se retrotrae el costo a los vigentes en junio de 2019.<\/p>\n<p>Ya en 2021, con una inversi\u00f3n durante el primer semestre de $165.000.000 mensuales; y con un adicional en el segundo semestre de $35.000.000 mensuales, el Gobierno pudo mantener una tarifa accesible para usuarios del transporte p\u00fablico.<\/p>\n<p>En tanto, tras la implementaci\u00f3n de RedTulum, y con el objetivo de que el usuario se familiarice con el nuevo sistema de transporte, se garantiz\u00f3 la gratuidad del boleto del 7 al 31 de diciembre con una aporte del Estado de $140.000.000 aproximadamente.<\/p>\n<p>En cuanto a las consideraciones, explicaron que un factor tenido en cuenta para aplicar la suba del boleto es el de la inflaci\u00f3n, que en promedio fue de m\u00e1s del 150% desde 2019 a la fecha (47,6% en 2019, 53,8% en 2020 y 50,9% en 2021).<\/p>\n<p>A esto se suma la evoluci\u00f3n en los precios del litro de gasoil, que pas\u00f3 de $35 en 2019 a $95 en 2022.<\/p>\n<p>&nbsp;<\/p>\n<p>&nbsp;<\/p>\n","protected":false},"excerpt":{"rendered":"<p>A trav\u00e9s de la Resoluci\u00f3n N\u00b0 0072-STT-2022, a partir de las 00:00 horas del S\u00e1bado, 19 de Febrero de 2022<\/p>\n","protected":false},"author":3,"featured_media":37042,"comment_status":"closed","ping_status":"closed","sticky":false,"template":"","format":"standard","meta":{"_acf_changed":false,"_seopress_robots_primary_cat":"none","_seopress_titles_title":"","_seopress_titles_desc":"","_seopress_robots_index":"","colormag_page_container_layout":"default_layout","colormag_page_sidebar_layout":"default_layout","footnotes":""},"categories":[6],"tags":[],"class_list":["post-46091","post","type-post","status-publish","format-standard","has-post-thumbnail","hentry","category-eventos"],"acf":[],"_links":{"self":[{"href":"https:\/\/vocesparalelas.com.ar\/sitio\/wp-json\/wp\/v2\/posts\/46091","targetHints":{"allow":["GET"]}}],"collection":[{"href":"https:\/\/vocesparalelas.com.ar\/sitio\/wp-json\/wp\/v2\/posts"}],"about":[{"href":"https:\/\/vocesparalelas.com.ar\/sitio\/wp-json\/wp\/v2\/types\/post"}],"author":[{"embeddable":true,"href":"https:\/\/vocesparalelas.com.ar\/sitio\/wp-json\/wp\/v2\/users\/3"}],"replies":[{"embeddable":true,"href":"https:\/\/vocesparalelas.com.ar\/sitio\/wp-json\/wp\/v2\/comments?post=46091"}],"version-history":[{"count":1,"href":"https:\/\/vocesparalelas.com.ar\/sitio\/wp-json\/wp\/v2\/posts\/46091\/revisions"}],"predecessor-version":[{"id":46093,"href":"https:\/\/vocesparalelas.com.ar\/sitio\/wp-json\/wp\/v2\/posts\/46091\/revisions\/46093"}],"wp:featuredmedia":[{"embeddable":true,"href":"https:\/\/vocesparalelas.com.ar\/sitio\/wp-json\/wp\/v2\/media\/37042"}],"wp:attachment":[{"href":"https:\/\/vocesparalelas.com.ar\/sitio\/wp-json\/wp\/v2\/media?parent=46091"}],"wp:term":[{"taxonomy":"category","embeddable":true,"href":"https:\/\/vocesparalelas.com.ar\/sitio\/wp-json\/wp\/v2\/categories?post=46091"},{"taxonomy":"post_tag","embeddable":true,"href":"https:\/\/vocesparalelas.com.ar\/sitio\/wp-json\/wp\/v2\/tags?post=46091"}],"curies":[{"name":"wp","href":"https:\/\/api.w.org\/{rel}","templated":true}]}}