{"id":46070,"date":"2022-02-09T00:19:08","date_gmt":"2022-02-09T03:19:08","guid":{"rendered":"https:\/\/vocesparalelas.com.ar\/sitio\/?p=46070"},"modified":"2022-02-09T00:19:08","modified_gmt":"2022-02-09T03:19:08","slug":"trabajo-para-fortalecer-el-desarrollo-cientifico-entre-la-faud-de-la-unsj-y-el-seciti","status":"publish","type":"post","link":"https:\/\/vocesparalelas.com.ar\/sitio\/trabajo-para-fortalecer-el-desarrollo-cientifico-entre-la-faud-de-la-unsj-y-el-seciti\/","title":{"rendered":"Trabajo para fortalecer el desarrollo cient\u00edfico entre la FAUD de la UNSJ y el SECITI"},"content":{"rendered":"<p>El decano de la Facultad de Arquitectura, Urbanismo y Dise\u00f1o de la Universidad Nacional de San Juan, Arq. Guillermo Velasco, estuvo reunido con la Secretaria de Estado de Ciencia, Tecnolog\u00eda e Innovaci\u00f3n del Gobierno de San Juan, Ing. Marita Benavente.<\/p>\n<p><img loading=\"lazy\" decoding=\"async\" class=\"alignnone size-large wp-image-46072\" src=\"https:\/\/vocesparalelas.com.ar\/sitio\/wp-content\/uploads\/2022\/02\/FAUD-CIENTIFICO-800x286.jpg\" alt=\"\" width=\"800\" height=\"286\" srcset=\"https:\/\/vocesparalelas.com.ar\/sitio\/wp-content\/uploads\/2022\/02\/FAUD-CIENTIFICO-800x286.jpg 800w, https:\/\/vocesparalelas.com.ar\/sitio\/wp-content\/uploads\/2022\/02\/FAUD-CIENTIFICO-300x107.jpg 300w, https:\/\/vocesparalelas.com.ar\/sitio\/wp-content\/uploads\/2022\/02\/FAUD-CIENTIFICO-768x274.jpg 768w, https:\/\/vocesparalelas.com.ar\/sitio\/wp-content\/uploads\/2022\/02\/FAUD-CIENTIFICO.jpg 980w\" sizes=\"auto, (max-width: 800px) 100vw, 800px\" \/><\/p>\n<div id=\"contentNoticia\">\n<p>El objetivo de las autoridades es fortalecer acciones relacionadas al desarrollo cient\u00edfico en el territorio y trabajar en la formaci\u00f3n y democratizaci\u00f3n de saberes vinculados al sector de la construcci\u00f3n y el dise\u00f1o.<\/p>\n<p>Asimismo, avanzaron en programas que mejorar\u00e1n la investigaci\u00f3n y el desarrollo tecnol\u00f3gico en el campo del Dise\u00f1o y la Arquitectura y repasaron la actualizaci\u00f3n del Plan de Ordenamiento Territorial del \u00c1rea Metropolitana de San Juan.<\/p>\n<p>El trabajo en conjunto con el sector Cient\u00edfico, Tecnol\u00f3gico y de Innovaci\u00f3n es clave para la Facultad.<\/p>\n<\/div>\n<p>&nbsp;<\/p>\n<p>&nbsp;<\/p>\n","protected":false},"excerpt":{"rendered":"<p>El decano de la Facultad de Arquitectura, Urbanismo y Dise\u00f1o de la Universidad Nacional de San Juan, Arq. Guillermo Velasco,<\/p>\n","protected":false},"author":3,"featured_media":43789,"comment_status":"closed","ping_status":"closed","sticky":false,"template":"","format":"standard","meta":{"_acf_changed":false,"_seopress_robots_primary_cat":"none","_seopress_titles_title":"","_seopress_titles_desc":"","_seopress_robots_index":"","colormag_page_container_layout":"default_layout","colormag_page_sidebar_layout":"default_layout","footnotes":""},"categories":[1],"tags":[],"class_list":["post-46070","post","type-post","status-publish","format-standard","has-post-thumbnail","hentry","category-destacadas"],"acf":[],"_links":{"self":[{"href":"https:\/\/vocesparalelas.com.ar\/sitio\/wp-json\/wp\/v2\/posts\/46070","targetHints":{"allow":["GET"]}}],"collection":[{"href":"https:\/\/vocesparalelas.com.ar\/sitio\/wp-json\/wp\/v2\/posts"}],"about":[{"href":"https:\/\/vocesparalelas.com.ar\/sitio\/wp-json\/wp\/v2\/types\/post"}],"author":[{"embeddable":true,"href":"https:\/\/vocesparalelas.com.ar\/sitio\/wp-json\/wp\/v2\/users\/3"}],"replies":[{"embeddable":true,"href":"https:\/\/vocesparalelas.com.ar\/sitio\/wp-json\/wp\/v2\/comments?post=46070"}],"version-history":[{"count":1,"href":"https:\/\/vocesparalelas.com.ar\/sitio\/wp-json\/wp\/v2\/posts\/46070\/revisions"}],"predecessor-version":[{"id":46073,"href":"https:\/\/vocesparalelas.com.ar\/sitio\/wp-json\/wp\/v2\/posts\/46070\/revisions\/46073"}],"wp:featuredmedia":[{"embeddable":true,"href":"https:\/\/vocesparalelas.com.ar\/sitio\/wp-json\/wp\/v2\/media\/43789"}],"wp:attachment":[{"href":"https:\/\/vocesparalelas.com.ar\/sitio\/wp-json\/wp\/v2\/media?parent=46070"}],"wp:term":[{"taxonomy":"category","embeddable":true,"href":"https:\/\/vocesparalelas.com.ar\/sitio\/wp-json\/wp\/v2\/categories?post=46070"},{"taxonomy":"post_tag","embeddable":true,"href":"https:\/\/vocesparalelas.com.ar\/sitio\/wp-json\/wp\/v2\/tags?post=46070"}],"curies":[{"name":"wp","href":"https:\/\/api.w.org\/{rel}","templated":true}]}}