{"id":46056,"date":"2022-02-08T22:13:43","date_gmt":"2022-02-09T01:13:43","guid":{"rendered":"https:\/\/vocesparalelas.com.ar\/sitio\/?p=46056"},"modified":"2022-02-09T11:26:27","modified_gmt":"2022-02-09T14:26:27","slug":"ciclo-musica-en-los-jardines-del-tb-con-elmer-mezza-y-su-banda-gypsy-jazz","status":"publish","type":"post","link":"https:\/\/vocesparalelas.com.ar\/sitio\/ciclo-musica-en-los-jardines-del-tb-con-elmer-mezza-y-su-banda-gypsy-jazz\/","title":{"rendered":"Ciclo\u00a0\u201cM\u00fasica en los jardines del TB\u201d con Elmer Mezza y su banda \u201cGypsy Jazz\u201d"},"content":{"rendered":"<p>El Ministerio de Turismo y Cultura, a trav\u00e9s del Teatro del Bicentenario, lanza el ciclo\u00a0\u201cM\u00fasica en los jardines del TB\u201d en el que el p\u00fablico puede disfrutar de shows en vivo al aire libre\u00a0junto a proyecciones de espect\u00e1culos de temporadas anteriores del Teatro. En esta ocasi\u00f3n, el hondure\u00f1o Elmer Mezza que, junto a su banda \u201cGypsy Jazz\u201d, inaugura el ciclo de verano con una propuesta que combina ritmos latinos y gitanos con jazz.<\/p>\n<p>Los espectadores pueden disfrutar de un repertorio que est\u00e1 compuesto por los grandes \u00e9xitos de Django y Grapelli y varias obras con arreglos propios que tendr\u00e1n mucha fuerza, color y una combinaci\u00f3n exquisita de ritmos.<\/p>\n<p>El show tiene lugar en los jardines del TB el Domingo, 13 de Febrero, a las\u00a021 hs.\u00a0La entrada es libre y gratuita.<\/p>\n<p>Para seguir disfrutando de las puestas de escena del TB,\u00a0al finalizar el show de jazz se proyectar\u00e1 la obra \u201cMOMENTO de solo estar\u201d, un espect\u00e1culo de formato interdisciplinario que subi\u00f3 al escenario en el marco del 5to aniversario del polo cultural.<\/p>\n<p>La obra apuesta a una multiplicidad de lenguajes art\u00edsticos y planos esc\u00e9nicos, combinando la danza con lo musical, visual, lum\u00ednico y po\u00e9tico, MOMENTO transportar\u00e1 a experimentar esta propuesta sanjuanina de cuerpos en movimiento.<\/p>\n<p><span style=\"color: #ff9900;\"><strong>Sobre Elmer Mezza<\/strong><\/span><\/p>\n<p>Trompetista desde los trece a\u00f1os de edad, Elmer, recorre un largo camino por el sendero de la m\u00fasica, integrando varias orquestas en su tierra natal: Tegucigalpa, Honduras. Y es ese mismo camino el que lo conduce hasta San Juan, d\u00f3nde no s\u00f3lo se perfeccionar\u00e1 sino tambi\u00e9n emprender\u00e1 un gran proyecto de jazz.<\/p>\n<p>Sin alejarse de sus ra\u00edces, su m\u00fasica y sus formaciones siempre estuvieron ligadas al universo latinoamericano, a las ra\u00edces afro-descendientes y al acervo cultural que provee este suelo.<\/p>\n<p>En esta b\u00fasqueda constante de ritmos, de historia, de pueblos y etnias, de mestizaje y de herencias se encuentra con el caj\u00f3n peruano y las cuerdas, el son cubano y el flamenco de Triana.<\/p>\n<p>Fiel a su estilo, el jazz lo gu\u00eda hasta Django Reinhardt, un aut\u00e9ntico\u00a0manouchey padre del g\u00e9nero cuyo nombre toma prestado para su proyecto. Es as\u00ed que fusionando lo latino con lo gitano, los vientos y las cuerdas nace la formaci\u00f3n \u2018Gypsy Jazz\u2019 de EM Jazz.<\/p>\n<p><iframe loading=\"lazy\" title=\"ELMER MEZA con Fractal Jazz - 1ER FESTIVAL DE JAZZ INTERNACIONAL EN SAN JUAN\" width=\"800\" height=\"450\" src=\"https:\/\/www.youtube.com\/embed\/IiLn5joM94w?feature=oembed\" frameborder=\"0\" allow=\"accelerometer; autoplay; clipboard-write; encrypted-media; gyroscope; picture-in-picture\" allowfullscreen><\/iframe><\/p>\n<p>&nbsp;<\/p>\n<p><img loading=\"lazy\" decoding=\"async\" class=\"alignnone size-full wp-image-32104\" src=\"https:\/\/vocesparalelas.com.ar\/sitio\/wp-content\/uploads\/2020\/10\/TEATRO-DEL-BICENTENARIO.jpg\" alt=\"\" width=\"800\" height=\"475\" srcset=\"https:\/\/vocesparalelas.com.ar\/sitio\/wp-content\/uploads\/2020\/10\/TEATRO-DEL-BICENTENARIO.jpg 800w, https:\/\/vocesparalelas.com.ar\/sitio\/wp-content\/uploads\/2020\/10\/TEATRO-DEL-BICENTENARIO-300x178.jpg 300w, https:\/\/vocesparalelas.com.ar\/sitio\/wp-content\/uploads\/2020\/10\/TEATRO-DEL-BICENTENARIO-768x456.jpg 768w\" sizes=\"auto, (max-width: 800px) 100vw, 800px\" \/><\/p>\n","protected":false},"excerpt":{"rendered":"<p>El Ministerio de Turismo y Cultura, a trav\u00e9s del Teatro del Bicentenario, lanza el ciclo\u00a0\u201cM\u00fasica en los jardines del TB\u201d<\/p>\n","protected":false},"author":3,"featured_media":46058,"comment_status":"closed","ping_status":"closed","sticky":false,"template":"","format":"video","meta":{"_acf_changed":false,"_seopress_robots_primary_cat":"none","_seopress_titles_title":"","_seopress_titles_desc":"","_seopress_robots_index":"","colormag_page_container_layout":"default_layout","colormag_page_sidebar_layout":"default_layout","footnotes":""},"categories":[20,7],"tags":[],"class_list":["post-46056","post","type-post","status-publish","format-video","has-post-thumbnail","hentry","category-cartelera","category-videos","post_format-post-format-video"],"acf":[],"_links":{"self":[{"href":"https:\/\/vocesparalelas.com.ar\/sitio\/wp-json\/wp\/v2\/posts\/46056","targetHints":{"allow":["GET"]}}],"collection":[{"href":"https:\/\/vocesparalelas.com.ar\/sitio\/wp-json\/wp\/v2\/posts"}],"about":[{"href":"https:\/\/vocesparalelas.com.ar\/sitio\/wp-json\/wp\/v2\/types\/post"}],"author":[{"embeddable":true,"href":"https:\/\/vocesparalelas.com.ar\/sitio\/wp-json\/wp\/v2\/users\/3"}],"replies":[{"embeddable":true,"href":"https:\/\/vocesparalelas.com.ar\/sitio\/wp-json\/wp\/v2\/comments?post=46056"}],"version-history":[{"count":3,"href":"https:\/\/vocesparalelas.com.ar\/sitio\/wp-json\/wp\/v2\/posts\/46056\/revisions"}],"predecessor-version":[{"id":46061,"href":"https:\/\/vocesparalelas.com.ar\/sitio\/wp-json\/wp\/v2\/posts\/46056\/revisions\/46061"}],"wp:featuredmedia":[{"embeddable":true,"href":"https:\/\/vocesparalelas.com.ar\/sitio\/wp-json\/wp\/v2\/media\/46058"}],"wp:attachment":[{"href":"https:\/\/vocesparalelas.com.ar\/sitio\/wp-json\/wp\/v2\/media?parent=46056"}],"wp:term":[{"taxonomy":"category","embeddable":true,"href":"https:\/\/vocesparalelas.com.ar\/sitio\/wp-json\/wp\/v2\/categories?post=46056"},{"taxonomy":"post_tag","embeddable":true,"href":"https:\/\/vocesparalelas.com.ar\/sitio\/wp-json\/wp\/v2\/tags?post=46056"}],"curies":[{"name":"wp","href":"https:\/\/api.w.org\/{rel}","templated":true}]}}