{"id":46040,"date":"2022-02-08T01:31:03","date_gmt":"2022-02-08T04:31:03","guid":{"rendered":"https:\/\/vocesparalelas.com.ar\/sitio\/?p=46040"},"modified":"2022-02-08T01:31:03","modified_gmt":"2022-02-08T04:31:03","slug":"etapa-final-para-la-escuela-de-nivel-inicial-n-42","status":"publish","type":"post","link":"https:\/\/vocesparalelas.com.ar\/sitio\/etapa-final-para-la-escuela-de-nivel-inicial-n-42\/","title":{"rendered":"Etapa final para la Escuela de Nivel Inicial N\u00b0 42"},"content":{"rendered":"<p>La Direcci\u00f3n de Infraestructura Escolar, perteneciente al Ministerio de Obras y Servicios P\u00fablicos, culmin\u00f3 la obra de sustituci\u00f3n del edificio y predio de la Escuela de Nivel Inicial N\u00b0 42, que fue reubicada en calle Quiroz s\/n\u00b0, en el barrio 24 de Noviembre, en Rawson.<\/p>\n<p>La obra de sustituci\u00f3n consisti\u00f3 en el reemplazo total del edificio existente y su traslado a otro terreno pr\u00f3ximo. El proyecto consta en su totalidad de 1143 m<sup>2<\/sup>\u00a0de superficie a construir y est\u00e1 compuesto por:<\/p>\n<ul>\n<li><strong>Sector de Gobierno<\/strong>: direcci\u00f3n, sala de docentes, administraci\u00f3n de redes, sanitario para personal docente y no docente y una sala de espera para padres junto al hall de acceso<\/li>\n<li><strong>Sector Comunitario<\/strong>: SUM para actos y dem\u00e1s actividades recreativas<\/li>\n<li><strong>Sector de Servicios<\/strong>: cocina, economato, sanitario de apoyo para el S.U.M, dep\u00f3sito y sala de m\u00e1quinas.<\/li>\n<li><strong>Patio T\u00e9cnico<\/strong>: incluye una torre met\u00e1lica para tanques de reserva de agua y tanques de cisternas para consumo de agua y servicio contra incendio, y un sanitario para personas con discapacidad<\/li>\n<li><strong>Sector Pedag\u00f3gico<\/strong>: contiene seis (6) salas en planta baja (todas con n\u00facleo sanitario incluido), distribuidas en dos bloques enfrentados en torno a un patio central de ceremonias, donde se encuentra el m\u00e1stil. Uno de los puntos destacados del nuevo edificio son dos medios de circulaci\u00f3n vertical para acceder a la planta alta: un ascensor hidr\u00e1ulico y una escalera. En la planta alta se encuentra un ala con 3 salas m\u00e1s (id\u00e9nticas a las de planta baja), una sala de juegos did\u00e1cticos y un dep\u00f3sito general. El predio tambi\u00e9n consta con un Patio de Juegos y las expansiones abiertas de cada sala.<\/li>\n<\/ul>\n<p>Respecto a la obra, Oscar Montero, director de Infraestructura Escolar, expres\u00f3: \u201cEstamos pr\u00f3ximos a recibir la mudanza del edificio, para el comienzo de ciclo del 2022. El monto de inversi\u00f3n para esta obra fue de setenta millones de pesos, que fueron financiados con recursos nacionales\u201d.<\/p>\n","protected":false},"excerpt":{"rendered":"<p>La Direcci\u00f3n de Infraestructura Escolar, perteneciente al Ministerio de Obras y Servicios P\u00fablicos, culmin\u00f3 la obra de sustituci\u00f3n del edificio<\/p>\n","protected":false},"author":3,"featured_media":46042,"comment_status":"closed","ping_status":"closed","sticky":false,"template":"","format":"standard","meta":{"_acf_changed":false,"_seopress_robots_primary_cat":"none","_seopress_titles_title":"","_seopress_titles_desc":"","_seopress_robots_index":"","colormag_page_container_layout":"default_layout","colormag_page_sidebar_layout":"default_layout","footnotes":""},"categories":[1],"tags":[],"class_list":["post-46040","post","type-post","status-publish","format-standard","has-post-thumbnail","hentry","category-destacadas"],"acf":[],"_links":{"self":[{"href":"https:\/\/vocesparalelas.com.ar\/sitio\/wp-json\/wp\/v2\/posts\/46040","targetHints":{"allow":["GET"]}}],"collection":[{"href":"https:\/\/vocesparalelas.com.ar\/sitio\/wp-json\/wp\/v2\/posts"}],"about":[{"href":"https:\/\/vocesparalelas.com.ar\/sitio\/wp-json\/wp\/v2\/types\/post"}],"author":[{"embeddable":true,"href":"https:\/\/vocesparalelas.com.ar\/sitio\/wp-json\/wp\/v2\/users\/3"}],"replies":[{"embeddable":true,"href":"https:\/\/vocesparalelas.com.ar\/sitio\/wp-json\/wp\/v2\/comments?post=46040"}],"version-history":[{"count":1,"href":"https:\/\/vocesparalelas.com.ar\/sitio\/wp-json\/wp\/v2\/posts\/46040\/revisions"}],"predecessor-version":[{"id":46043,"href":"https:\/\/vocesparalelas.com.ar\/sitio\/wp-json\/wp\/v2\/posts\/46040\/revisions\/46043"}],"wp:featuredmedia":[{"embeddable":true,"href":"https:\/\/vocesparalelas.com.ar\/sitio\/wp-json\/wp\/v2\/media\/46042"}],"wp:attachment":[{"href":"https:\/\/vocesparalelas.com.ar\/sitio\/wp-json\/wp\/v2\/media?parent=46040"}],"wp:term":[{"taxonomy":"category","embeddable":true,"href":"https:\/\/vocesparalelas.com.ar\/sitio\/wp-json\/wp\/v2\/categories?post=46040"},{"taxonomy":"post_tag","embeddable":true,"href":"https:\/\/vocesparalelas.com.ar\/sitio\/wp-json\/wp\/v2\/tags?post=46040"}],"curies":[{"name":"wp","href":"https:\/\/api.w.org\/{rel}","templated":true}]}}