{"id":46035,"date":"2022-02-08T01:24:47","date_gmt":"2022-02-08T04:24:47","guid":{"rendered":"https:\/\/vocesparalelas.com.ar\/sitio\/?p=46035"},"modified":"2022-02-08T01:24:47","modified_gmt":"2022-02-08T04:24:47","slug":"autoridades-de-nacion-y-san-juan-recorrieron-las-instalaciones-de-la-eni-n-42-el-jardin-de-francesco","status":"publish","type":"post","link":"https:\/\/vocesparalelas.com.ar\/sitio\/autoridades-de-nacion-y-san-juan-recorrieron-las-instalaciones-de-la-eni-n-42-el-jardin-de-francesco\/","title":{"rendered":"Autoridades de Naci\u00f3n y San Juan recorrieron las instalaciones de la ENI N\u00b0 42 \u201cEl Jard\u00edn de Francesco\u00bb"},"content":{"rendered":"<p>El gobernador de San Juan, Dr. Sergio U\u00f1ac, junto al ministro de Educaci\u00f3n de la Naci\u00f3n, Lic. Jaime Perczyk, visit\u00f3 en la tarde del lunes lasobras finalizadas de la ENI N\u00b0 42 \u201cEl Jard\u00edn de Francesco\u00bb, que cuenta con 16 secciones conformadas por salas de 3; 4 y 5 a\u00f1os.<\/p>\n<p>Estuvieron presentes adem\u00e1s la ministra de Educaci\u00f3n, Cecilia Trincado Moncho; el ministro de Obras y Servicios P\u00fablicos, Julio Ortiz Andino; el director de Infraestructura Escolar, Oscar Montero; el intendente de Rawson, Rub\u00e9n Garc\u00eda; el diputado Juan Carlos Gioja; la directora del ENI, Liliana Villarreal; personal docente y no docente.<\/p>\n<p>El gobernador U\u00f1ac destac\u00f3 la presencia del funcionario nacional, quien\u00a0confirm\u00f3 la fecha de inicio del ciclo lectivo para el 2 de Marzo.<\/p>\n<p>U\u00f1ac explic\u00f3 que la construcci\u00f3n de la escuela se realiz\u00f3 con fondos nacionales: \u00abHay otras que hacemos de manera conjunta, otras que hace el Gobierno de la Provincia, pero esta ha sido con fondos nacionales, por lo que le agradecemos much\u00edsimo al ministro\u00bb, sentenci\u00f3.<\/p>\n<p>El mandatario seguidamente resumi\u00f3 la actividad de trabajo desplegada en la jornada junto al ministro de Educaci\u00f3n, haciendo hinacapi\u00e9 en el\u00a0convenio firmado entre Provincia y Naci\u00f3n en el marco del programa Conectar Igualdad, \u00abcon todo lo que eso implica por la educaci\u00f3n, en la actualidad en el pa\u00eds y por supuesto en San Juan\u201d.<\/p>\n<p>Por su parte, el ministro Perczyk agradeci\u00f3 al gobernador la invitaci\u00f3n y se\u00f1al\u00f3 que \u201ces una prioridad de nuestro proyecto pol\u00edtico la inclusi\u00f3n de todos los chicos desde los tres a\u00f1os y para eso hay que hacer salas, escuelas, jardines. Aqu\u00ed hoy hay uno m\u00e1s\u201d, asegur\u00f3.<\/p>\n<p>En este sentido sostuvo que se est\u00e1 construyendo una gran cantidad de jardines en todo el pa\u00eds, tanto con fondos nacionales como provincias: \u00abEsto tiene que ver con un objetivo compartido, que los chicos tienen que ir a la escuela.\u00a0El mejor lugar para todos los chicos es la escuela\u00bb.<\/p>\n<p>Sobre la firma del convenio Conectar Igualdad, el ministro nacional dijo que \u201cel programa es una pol\u00edtica muy importante para nuestros j\u00f3venes para mejorar la educaci\u00f3n secundaria,\u00a0<strong>para que todos se incluyan<\/strong>, pero adem\u00e1s para que todos puedan tener un proyecto en la escuela secundaria\u201d.<\/p>\n<p>Perczyk afirmo que el trabajo de su ministerio es \u201cgarantizar, recuperar la presencialidad, la rutina escolar, la vacunaci\u00f3n de todos los chicos. Estamos a favor de la promoci\u00f3n de la vacuna, del convencimiento, de la persuasi\u00f3n y en eso estamos trabajando\u201d.<\/p>\n<p>Finalmente indic\u00f3 que \u201ctenemos que vacunarnos para todos ir a la escuela, estar seguros que la vacunaci\u00f3n me cuida a m\u00ed y cuida a los que est\u00e1n conmigo. Es un acto solidario, ciudadano\u201d.<\/p>\n<p>Por su parte, la ministra Trincado Monchi destac\u00f3 la construcci\u00f3n de la ENI entregada, que cuenta con nueve salas y remarc\u00f3 la importancia de la agenda que titular de la cartera nacional desarroll\u00f3 en San Juan, la cual incluy\u00f3 la firma del convenio de Conectar Igualdad y posteriormente una reuni\u00f3n con las autoridades de la Universidad Nacional de San Juan.<\/p>\n<p><strong><span style=\"color: #99cc00;\">Sobre el establecimiento educativo<\/span><\/strong><\/p>\n<p>La instituci\u00f3n se desprende de la Escuela Primaria \u201c14 de febrero\u201d, donde funcion\u00f3 como Jard\u00edn anexo, pasando de 5 secciones a 11 secciones de Nivel Inicial, logrando la autonom\u00eda.<\/p>\n<p>En el a\u00f1o 2016 se crearon dos secciones de Sala de 4 a\u00f1os y por demanda de la comunidad, en el a\u00f1o 2018 se habilitaron 4 secciones de Sala de 3 a\u00f1os en el interturno.<\/p>\n<p>Actualmente cuenta con 16 secciones, conformadas por salas de 3, 4 y 5 a\u00f1os. Funciona en los turnos ma\u00f1ana, interturno y tarde, en horario de 8 a 17.30 horas. Tiene una matr\u00edcula de 314 estudiantes, 16 docentes de Nivel Inicial, 6 profesores de especialidades como M\u00fasica, Pl\u00e1stica y Educaci\u00f3n F\u00edsica, una directora y 2 vicedirectoras.<\/p>\n<p>El 22 de abril del a\u00f1o 2021 a trav\u00e9s de la ley N\u00b0 2217-H, se impuso el nombre \u201cEl Jard\u00edn de Francesco\u201d en homenaje al pensador, psicopedagogo y dibujante italiano Francesco Tonucci, conocido por el pseud\u00f3nimo \u00abFrato\u00bb.<\/p>\n<p><iframe loading=\"lazy\" title=\"U\u00f1ac y Perczyk recorrieron la ENI N\u00b042 El jardin de Francesco\" width=\"800\" height=\"450\" src=\"https:\/\/www.youtube.com\/embed\/9i6K5uTkkTs?feature=oembed\" frameborder=\"0\" allow=\"accelerometer; autoplay; clipboard-write; encrypted-media; gyroscope; picture-in-picture\" allowfullscreen><\/iframe><\/p>\n<p>&nbsp;<\/p>\n<p>&nbsp;<\/p>\n<p>&nbsp;<\/p>\n<p>&nbsp;<\/p>\n<p>&nbsp;<\/p>\n","protected":false},"excerpt":{"rendered":"<p>El gobernador de San Juan, Dr. Sergio U\u00f1ac, junto al ministro de Educaci\u00f3n de la Naci\u00f3n, Lic. Jaime Perczyk, visit\u00f3<\/p>\n","protected":false},"author":3,"featured_media":46037,"comment_status":"closed","ping_status":"closed","sticky":false,"template":"","format":"video","meta":{"_acf_changed":false,"_seopress_robots_primary_cat":"none","_seopress_titles_title":"","_seopress_titles_desc":"","_seopress_robots_index":"","colormag_page_container_layout":"default_layout","colormag_page_sidebar_layout":"default_layout","footnotes":""},"categories":[1,7],"tags":[],"class_list":["post-46035","post","type-post","status-publish","format-video","has-post-thumbnail","hentry","category-destacadas","category-videos","post_format-post-format-video"],"acf":[],"_links":{"self":[{"href":"https:\/\/vocesparalelas.com.ar\/sitio\/wp-json\/wp\/v2\/posts\/46035","targetHints":{"allow":["GET"]}}],"collection":[{"href":"https:\/\/vocesparalelas.com.ar\/sitio\/wp-json\/wp\/v2\/posts"}],"about":[{"href":"https:\/\/vocesparalelas.com.ar\/sitio\/wp-json\/wp\/v2\/types\/post"}],"author":[{"embeddable":true,"href":"https:\/\/vocesparalelas.com.ar\/sitio\/wp-json\/wp\/v2\/users\/3"}],"replies":[{"embeddable":true,"href":"https:\/\/vocesparalelas.com.ar\/sitio\/wp-json\/wp\/v2\/comments?post=46035"}],"version-history":[{"count":1,"href":"https:\/\/vocesparalelas.com.ar\/sitio\/wp-json\/wp\/v2\/posts\/46035\/revisions"}],"predecessor-version":[{"id":46038,"href":"https:\/\/vocesparalelas.com.ar\/sitio\/wp-json\/wp\/v2\/posts\/46035\/revisions\/46038"}],"wp:featuredmedia":[{"embeddable":true,"href":"https:\/\/vocesparalelas.com.ar\/sitio\/wp-json\/wp\/v2\/media\/46037"}],"wp:attachment":[{"href":"https:\/\/vocesparalelas.com.ar\/sitio\/wp-json\/wp\/v2\/media?parent=46035"}],"wp:term":[{"taxonomy":"category","embeddable":true,"href":"https:\/\/vocesparalelas.com.ar\/sitio\/wp-json\/wp\/v2\/categories?post=46035"},{"taxonomy":"post_tag","embeddable":true,"href":"https:\/\/vocesparalelas.com.ar\/sitio\/wp-json\/wp\/v2\/tags?post=46035"}],"curies":[{"name":"wp","href":"https:\/\/api.w.org\/{rel}","templated":true}]}}