{"id":46020,"date":"2022-02-08T00:08:02","date_gmt":"2022-02-08T03:08:02","guid":{"rendered":"https:\/\/vocesparalelas.com.ar\/sitio\/?p=46020"},"modified":"2022-02-09T23:20:47","modified_gmt":"2022-02-10T02:20:47","slug":"buscamos-un-ciclo-lectivo-2022-presencial-y-seguro-con-toda-la-comunidad-vacunada","status":"publish","type":"post","link":"https:\/\/vocesparalelas.com.ar\/sitio\/buscamos-un-ciclo-lectivo-2022-presencial-y-seguro-con-toda-la-comunidad-vacunada\/","title":{"rendered":"\u00abBuscamos un Ciclo Lectivo 2022 presencial y seguro con toda la comunidad vacunada\u00bb"},"content":{"rendered":"<p>Despu\u00e9s de la firma de convenio entre el gobernador de San Juan, Dr. Sergio U\u00f1ac y el ministro de Educaci\u00f3n de la Naci\u00f3n, Lic. Jaime Perczyk para beneficiar a los alumnos con el Programa Conectar Igualdad.<\/p>\n<p>El ministro de Educaci\u00f3n de la Naci\u00f3n, Lic. Jaime Perczyk, tubo la amabilidad de responder preguntas de periodistas San Juan para comprender c\u00f3mo se va a trabajar durante el Ciclo Lectivo 2022 con plena presencialidad y segura para la comunidad educativa de las Escuelas de San Juan y Argentina.<\/p>\n<p><iframe loading=\"lazy\" title=\"SAN JUAN\" width=\"800\" height=\"450\" src=\"https:\/\/www.youtube.com\/embed\/LwXDQQ8yxjg?feature=oembed\" frameborder=\"0\" allow=\"accelerometer; autoplay; clipboard-write; encrypted-media; gyroscope; picture-in-picture\" allowfullscreen><\/iframe><\/p>\n<p>&nbsp;<\/p>\n<p>&nbsp;<\/p>\n<p>&nbsp;<\/p>\n","protected":false},"excerpt":{"rendered":"<p>Despu\u00e9s de la firma de convenio entre el gobernador de San Juan, Dr. Sergio U\u00f1ac y el ministro de Educaci\u00f3n<\/p>\n","protected":false},"author":3,"featured_media":46024,"comment_status":"closed","ping_status":"closed","sticky":false,"template":"","format":"video","meta":{"_acf_changed":false,"_seopress_robots_primary_cat":"none","_seopress_titles_title":"","_seopress_titles_desc":"","_seopress_robots_index":"","colormag_page_container_layout":"default_layout","colormag_page_sidebar_layout":"default_layout","footnotes":""},"categories":[10,7],"tags":[],"class_list":["post-46020","post","type-post","status-publish","format-video","has-post-thumbnail","hentry","category-opiniones","category-videos","post_format-post-format-video"],"acf":[],"_links":{"self":[{"href":"https:\/\/vocesparalelas.com.ar\/sitio\/wp-json\/wp\/v2\/posts\/46020","targetHints":{"allow":["GET"]}}],"collection":[{"href":"https:\/\/vocesparalelas.com.ar\/sitio\/wp-json\/wp\/v2\/posts"}],"about":[{"href":"https:\/\/vocesparalelas.com.ar\/sitio\/wp-json\/wp\/v2\/types\/post"}],"author":[{"embeddable":true,"href":"https:\/\/vocesparalelas.com.ar\/sitio\/wp-json\/wp\/v2\/users\/3"}],"replies":[{"embeddable":true,"href":"https:\/\/vocesparalelas.com.ar\/sitio\/wp-json\/wp\/v2\/comments?post=46020"}],"version-history":[{"count":1,"href":"https:\/\/vocesparalelas.com.ar\/sitio\/wp-json\/wp\/v2\/posts\/46020\/revisions"}],"predecessor-version":[{"id":46025,"href":"https:\/\/vocesparalelas.com.ar\/sitio\/wp-json\/wp\/v2\/posts\/46020\/revisions\/46025"}],"wp:featuredmedia":[{"embeddable":true,"href":"https:\/\/vocesparalelas.com.ar\/sitio\/wp-json\/wp\/v2\/media\/46024"}],"wp:attachment":[{"href":"https:\/\/vocesparalelas.com.ar\/sitio\/wp-json\/wp\/v2\/media?parent=46020"}],"wp:term":[{"taxonomy":"category","embeddable":true,"href":"https:\/\/vocesparalelas.com.ar\/sitio\/wp-json\/wp\/v2\/categories?post=46020"},{"taxonomy":"post_tag","embeddable":true,"href":"https:\/\/vocesparalelas.com.ar\/sitio\/wp-json\/wp\/v2\/tags?post=46020"}],"curies":[{"name":"wp","href":"https:\/\/api.w.org\/{rel}","templated":true}]}}