{"id":45994,"date":"2022-02-06T21:39:28","date_gmt":"2022-02-07T00:39:28","guid":{"rendered":"https:\/\/vocesparalelas.com.ar\/sitio\/?p=45994"},"modified":"2022-02-08T01:37:16","modified_gmt":"2022-02-08T04:37:16","slug":"boric-argentina-y-el-bilateralismo-con-san-juan","status":"publish","type":"post","link":"https:\/\/vocesparalelas.com.ar\/sitio\/boric-argentina-y-el-bilateralismo-con-san-juan\/","title":{"rendered":"Boric, Argentina y el bilateralismo con San Juan"},"content":{"rendered":"<p>La \u00abmejor sinton\u00eda pol\u00edtica\u00bb que se espera entre los gobiernos de Argentina y Chile a partir de la llegada de Boric a La Moneda ser\u00eda un mayor flujo de comercio bilateral.<\/p>\n<p>Por el\u00a0Lic. Prof. Fernando A. Ocampo Bravo<\/p>\n<p>El gobierno del presidente electo Gabriel Boric Font se iniciar\u00e1 el 11 de marzo de 2022, tras su victoria en la segunda vuelta de la elecci\u00f3n presidencial de Chile de 2021. Su mandato se extender\u00e1 hasta el 11 de marzo de 2026, fecha en la que debe producirse la investidura de su sucesor. El presidente electo de Chile, gan\u00f3 las elecciones en Chile, el pasado 19 de diciembre 2021, con el 55,8% de los votos frente a Jos\u00e9 Antonio Kast (44,1%).Tendr\u00e1 36 a\u00f1os reci\u00e9n cumplidos y ser\u00e1 el mandatario m\u00e1s joven en la historia del pa\u00eds, adem\u00e1s del m\u00e1s votado, con 4.620.671 de sufragios.<\/p>\n<p>El ex diputado, ex l\u00edder estudiantil y promotor de un abanico de reformas que apuntan a dejar atr\u00e1s las desigualdades sociales y econ\u00f3micas hist\u00f3ricas en Chile. Boric encarn\u00f3 el cambio que reclam\u00f3 una gran porci\u00f3n de Chile a viva voz en la revuelta social de 2019 y que abri\u00f3 un proceso de quiebre en el pa\u00eds. Mientras est\u00e1 en marcha la redacci\u00f3n de una nueva Constituci\u00f3n en Chile, para reemplazar la que est\u00e1 vigente desde la dictadura de Augusto Pinochet, quienes lo votaron esperan que aqu\u00e9l estallido de furia masiva comience a materializarse en reformas que apunten a mejorar las condiciones sociales de los sectores que fueron postergados durante d\u00e9cadas.<\/p>\n<p>En el mismo tono que mostr\u00f3 en el \u00faltimo tramo de la campa\u00f1a, m\u00e1s cercano a la socialdemocracia que a la extrema izquierda con la que se lo identific\u00f3 en un comienzo, prometi\u00f3 abrirse al di\u00e1logo, escuchar a cada sector de la sociedad y a todas las fuerzas pol\u00edticas.<\/p>\n<p>Boric, tuvo su primera reuni\u00f3n de gabinete para delinear los objetivos estrat\u00e9gicos del gobierno. Boric anunci\u00f3 a su equipo de gobierno que estar\u00e1 integrado por 14 mujeres y 10 hombres, con un promedio de edad de 49 a\u00f1os.<\/p>\n<p>El presidente y su gabinete asumir\u00e1n el 11 de marzo. El Pdte. electo, tiene un aprecio a la Argentina en diferentes tuits que ha hecho; \u201cfelicito cuando se gan\u00f3 la copa am\u00e9rica 2021, vitorea a Maradona y defiende a las Malvinas en contra de los ingleses\u201d, festeja s\u00edmbolos y triunfos argentinos, por \u00faltimo, es del equipo de f\u00fatbol chileno Universidad Cat\u00f3lica.<\/p>\n<p>A partir del 11 de Marzo del presente a\u00f1o, el gobierno electo de Gabriel Boric, tendr\u00e1 nuevo gabinete nacional. Para San Juan y la Argentina que ministerios serian claves en la relaci\u00f3n con el pa\u00eds trasandino.<\/p>\n<p><strong><u>Estos son algunos de los Ministros y Subsecretarios Nacionales Chilenos, claves, para la relaci\u00f3n bilateral con San Juan. (Biograf\u00eda ministros y trayectorias laborales)<\/u><\/strong><\/p>\n<p><strong><em>Juan Carlos Garc\u00eda P\u00e9rez de Arce &#8211; Ministerio de Obras P\u00fablicas<\/em><\/strong><\/p>\n<p>Naci\u00f3 el 3 de enero de 1971 (51 a\u00f1os) en la Regi\u00f3n de Valpara\u00edso.\u00a0Es arquitecto de la Universidad Cat\u00f3lica de Valpara\u00edso y tiene un mag\u00edster en Gesti\u00f3n Urbana de la \u00c9cole Nationale des Ponts et Chauss\u00e9es de Par\u00eds, en Francia.\u00a0Fue candidato a gobernador por la Regi\u00f3n de Valpara\u00edso por el Partido Liberal.<\/p>\n<p>Dentro de su trayectoria laboral,\u00a0ha trabajado en el Ministerio de Vivienda y Urbanismo, cargo desde el cual colabor\u00f3 activamente en la declaratoria de Valpara\u00edso como Patrimonio de la Humanidad.\u00a0Tambi\u00e9n\u00a0ha sido asesor de la Corfo, sitial donde impuls\u00f3 programas que ten\u00edan como objetivo incentivar la inversi\u00f3n privada en la Quinta Regi\u00f3n.<\/p>\n<p><strong>Subsecretar\u00eda de Obras P\u00fablicas: Alfredo Guti\u00e9rrez Vera<\/strong><\/p>\n<p><strong><em>Maisa Rojas Corradi &#8211; Ministerio del Medio Ambiente<\/em><\/strong><\/p>\n<p>Naci\u00f3 el 10 de agosto de 1972 (49 a\u00f1os), en la Regi\u00f3n de La Araucan\u00eda.\u00a0Es f\u00edsica y climat\u00f3loga, y posee un doctorado en F\u00edsica de la Atm\u00f3sfera, de la Universidad de Oxford. Es acad\u00e9mica de la Universidad de Chile y directora del Centro de Ciencia del Clima y la Resiliencia.<\/p>\n<p>Es autora del \u00faltimo informe del Panel Intergubernamental de Expertos sobre el Cambio Clim\u00e1tico\u00a0(IPCC, una organizaci\u00f3n de la ONU), publicado en agosto, el que establece que muchos de los cambios observados en el clima no tienen precedentes y son irreversibles.<\/p>\n<p>Se incorpor\u00f3 al comando de Gabriel Boric en la segunda vuelta, para tomar la vocer\u00eda de la agenda medio ambiental.<\/p>\n<p>Subsecretar\u00eda del Medio Ambiente: Maximiliano Proa\u00f1o Ugalde<\/p>\n<p><strong><em>Nicol\u00e1s Andr\u00e9s Grau Veloso &#8211; Ministerio de Econom\u00eda, Fomento y Turismo<\/em><\/strong><\/p>\n<p><strong>Nicol\u00e1s Grau<\/strong><\/p>\n<p>Naci\u00f3 el 9 de abril de 1983 (38 a\u00f1os) en la regi\u00f3n del Biob\u00edo. Conoci\u00f3 al presidente electo cuando se encaminaba a presidir la FECH, en 2006.\u00a0Es ingeniero comercial y durante a\u00f1os abog\u00f3 por la generaci\u00f3n de una nueva izquierda socialista, alejada del proyecto concertacionista.<\/p>\n<p>Particip\u00f3 en la conformaci\u00f3n del Frente Amplio, fue parte del equipo program\u00e1tico de Beatriz S\u00e1nchez en 2017\u00a0y fue uno de los\u00a0principales asesores econ\u00f3micos de Boric en la campa\u00f1a.\u00a0De hecho Grau fue el encargado de representar al Presidente electo en la mayor\u00eda de los encuentros con empresarios realizados durante la campa\u00f1a presidencial.<\/p>\n<p><strong>Subsecretar\u00eda de Econom\u00eda: Javiera Petersen<\/strong><\/p>\n<p><strong><em>Antonia Urrejola Noguera &#8211; Ministerio de Relaciones Exteriores.<\/em><\/strong><\/p>\n<p><strong>Ser\u00e1 la primera mujer en tener este cargo.<\/strong><\/p>\n<p>Naci\u00f3 el 13 de noviembre de 1968 (53 a\u00f1os), en Santiago.\u00a0En 1987 ingres\u00f3 a la Escuela de Derecho de la Universidad de Chile, donde particip\u00f3 en la toma de la facultad en contra de la administraci\u00f3n del rector designado por la dictadura, Jos\u00e9 Luis Federici.<\/p>\n<p>Abogada titulada en la Universidad de Chile,\u00a0especializada en promoci\u00f3n de derechos humanos y justicia transicional, en 2017 fue elegida por la OEA como integrante de la Comisi\u00f3n Interamericana de Derechos Humanos (CIDH), cargo al que postul\u00f3 con el apoyo del gobierno de la ex presidenta Michelle Bachelet.\u00a0En 2021, al t\u00e9rmino de su mandato, se convirti\u00f3 en la primera chilena en presidir la CIDH.<\/p>\n<p>Se desempe\u00f1\u00f3\u00a0de 2006 a 2015 como asesora del senador socialista Jos\u00e9 Miguel Insulza, durante sus dos periodos en la Secretar\u00eda General de la OEA. Su primer cargo en los gobiernos de la ex Concertaci\u00f3n lo desempe\u00f1\u00f3 a inicios de los a\u00f1os 90, cuando, a\u00fan siendo estudiante de Derecho,\u00a0asesor\u00f3 al socialista Jaime Andrade en la formulaci\u00f3n de las leyes y normas que dieron vida a la Corporaci\u00f3n Nacional Ind\u00edgena (Conadi).<\/p>\n<p>En 2015,\u00a0durante el primer gobierno de Michelle Bachelet asesor\u00f3 a los ministerios de Bienes Nacionales en temas ind\u00edgenas; de\u00a0Planificaci\u00f3n y Cooperaci\u00f3n, durante la gesti\u00f3n de la socialista Fernanda Villegas, y m\u00e1s tarde en la\u00a0Secretar\u00eda General de la Presidencia, con Nicol\u00e1s Eyzaguirre.<\/p>\n<p><strong>Subsecretar\u00eda de Relaciones Exteriores: Ximena Carolina Fuentes Torrijo<\/strong><\/p>\n<p><strong>Subsecretar\u00eda de Relaciones Econ\u00f3micas Internacionales: Jos\u00e9 Miguel Ahumada Muga.<\/strong><\/p>\n<p>El Ministerio Nacional de Obras Publicas Chileno, liderado a partir del 11\/03\/22, por el Arq. Garc\u00eda P\u00e9rez de Arce, es clave para el trabajo en conjunto por el t\u00fanel de agua negra en Coquimbo y de la gesti\u00f3n del EBITAN en ambos lados de la cordillera. Subsecretar\u00eda de Obras P\u00fablicas: Alfredo Guti\u00e9rrez Vera<\/p>\n<p>Asimismo el Ministerio Nacional de Medio Ambiente Chileno., liderado a partir del 11\/03\/22 por la F\u00edsica Rojas Corradi. Todo tema ambiental pasar\u00e1 y esta fue la traba m\u00e1s grande para ejecutar seg\u00fan Chile el proyecto del t\u00fanel minero de Agua Negra.<\/p>\n<p><strong>Subsecretar\u00eda del Medio Ambiente: Maximiliano Proa\u00f1o Ugalde<\/strong><\/p>\n<p>El Ministerio Nacional Ministerio de Econom\u00eda, Fomento y Turismo de Chile, liderado a partir del 11\/03\/22, por el Ing. Grau Veloso, es clave por el factor econ\u00f3mico y de turismo imperante en la IV Regi\u00f3n de Coquimbo y de San Juan. Subsecretar\u00eda de Econom\u00eda: Javiera Petersen<\/p>\n<p>Por \u00faltimo y no menor la Canciller\u00eda Chilena, liderado a partir del 11\/03\/22, por la Dra. Urrejola Noguera. Ser\u00e1 la primera mujer en tener este cargo. Nos dar\u00e1 en consulta con el Pdte. de la Republica, nuevo Embajador Chileno en la Argentina y los pases de relaciones internacionales entre ambos pa\u00edses. Subsecretar\u00eda de Relaciones Exteriores: Ximena Carolina Fuentes Torrijo<\/p>\n<p><strong>Subsecretar\u00eda de Relaciones Econ\u00f3micas Internacionales: Jos\u00e9 Miguel Ahumada Muga.<\/strong><\/p>\n<p>Todos estos nombres de autoridades chilenas ser\u00e1n de suma importancia; conectarse con ellas y empezar por parte del Gobierno Provincial como pol\u00edtica de Estado, el de tener unas relaciones bilaterales adecuadas y preponderantes, para el bienestar de la buena vecindad de ambos pa\u00edses, pensando primeramente en los pueblos que las habitan, especialmente los que nos convoca la Provincia de San Juan y la Regi\u00f3n de Coquimbo en Chile, esta \u00faltima tambi\u00e9n tendr\u00e1 cambio de autoridades en su gobierno regional, prontamente por el nuevo color pol\u00edtico de la Moneda a partir de Marzo.<\/p>\n<p>En lo que resta del Gobierno de U\u00f1ac, deber\u00eda restablecer los lazos bilaterales, ca\u00eddos en la gesti\u00f3n de Pi\u00f1era y la direcci\u00f3n del gobierno Regional de Coquimbo, con estos ministerios y subsecretarias Chilenas urgentemente.<\/p>\n<p>El Gobernador tiene una delegaci\u00f3n encabezada por Enrique Valdebenito, en Casa San Juan en Coquimbo Chile, desde hace un tiempo, pero Chile no ha hecho el gesto, por ahora de tener una Casa Chile denominada antiguamente ac\u00e1 en la Provincia, de la manera citada, que la tuvo en alguna oportunidad cuando el mismo Valdebenito lo hiciera viceversa , eso s\u00ed, se tiene un C\u00f3nsul Honorario por la parte consular el Sr. Mario E. Schiavone, para la facci\u00f3n administrativa.<\/p>\n<p>Falta mucho trecho para trabajar unidamente y por un objetivo en com\u00fan, si esto cambia depender\u00e1 del rol en relaciones internacionales de ambas instituciones p\u00fablicas transandinas.<\/p>\n<p>&nbsp;<\/p>\n<p>&nbsp;<\/p>\n<p>&nbsp;<\/p>\n<p>&nbsp;<\/p>\n","protected":false},"excerpt":{"rendered":"<p>La \u00abmejor sinton\u00eda pol\u00edtica\u00bb que se espera entre los gobiernos de Argentina y Chile a partir de la llegada de<\/p>\n","protected":false},"author":3,"featured_media":45996,"comment_status":"closed","ping_status":"closed","sticky":false,"template":"","format":"standard","meta":{"_acf_changed":false,"_seopress_robots_primary_cat":"none","_seopress_titles_title":"","_seopress_titles_desc":"","_seopress_robots_index":"","colormag_page_container_layout":"default_layout","colormag_page_sidebar_layout":"default_layout","footnotes":""},"categories":[10],"tags":[],"class_list":["post-45994","post","type-post","status-publish","format-standard","has-post-thumbnail","hentry","category-opiniones"],"acf":[],"_links":{"self":[{"href":"https:\/\/vocesparalelas.com.ar\/sitio\/wp-json\/wp\/v2\/posts\/45994","targetHints":{"allow":["GET"]}}],"collection":[{"href":"https:\/\/vocesparalelas.com.ar\/sitio\/wp-json\/wp\/v2\/posts"}],"about":[{"href":"https:\/\/vocesparalelas.com.ar\/sitio\/wp-json\/wp\/v2\/types\/post"}],"author":[{"embeddable":true,"href":"https:\/\/vocesparalelas.com.ar\/sitio\/wp-json\/wp\/v2\/users\/3"}],"replies":[{"embeddable":true,"href":"https:\/\/vocesparalelas.com.ar\/sitio\/wp-json\/wp\/v2\/comments?post=45994"}],"version-history":[{"count":1,"href":"https:\/\/vocesparalelas.com.ar\/sitio\/wp-json\/wp\/v2\/posts\/45994\/revisions"}],"predecessor-version":[{"id":45997,"href":"https:\/\/vocesparalelas.com.ar\/sitio\/wp-json\/wp\/v2\/posts\/45994\/revisions\/45997"}],"wp:featuredmedia":[{"embeddable":true,"href":"https:\/\/vocesparalelas.com.ar\/sitio\/wp-json\/wp\/v2\/media\/45996"}],"wp:attachment":[{"href":"https:\/\/vocesparalelas.com.ar\/sitio\/wp-json\/wp\/v2\/media?parent=45994"}],"wp:term":[{"taxonomy":"category","embeddable":true,"href":"https:\/\/vocesparalelas.com.ar\/sitio\/wp-json\/wp\/v2\/categories?post=45994"},{"taxonomy":"post_tag","embeddable":true,"href":"https:\/\/vocesparalelas.com.ar\/sitio\/wp-json\/wp\/v2\/tags?post=45994"}],"curies":[{"name":"wp","href":"https:\/\/api.w.org\/{rel}","templated":true}]}}