{"id":45990,"date":"2022-02-06T20:42:40","date_gmt":"2022-02-06T23:42:40","guid":{"rendered":"https:\/\/vocesparalelas.com.ar\/sitio\/?p=45990"},"modified":"2022-02-08T01:37:35","modified_gmt":"2022-02-08T04:37:35","slug":"talleres-de-pintura-y-dibujo","status":"publish","type":"post","link":"https:\/\/vocesparalelas.com.ar\/sitio\/talleres-de-pintura-y-dibujo\/","title":{"rendered":"\u201cTalleres de Pintura y Dibujo\u201d"},"content":{"rendered":"<p>Con el objetivo de incentivar y promover un sentido de comunidad mediante una serie de actividades creativas y de di\u00e1logo, la Residencia y el Centro Cultural \u201cEva Duarte de Per\u00f3n\u201d, dependiente del Ministerio de Desarrollo Humano y Promoci\u00f3n Social, lleva adelante un Taller de Pintura y Dibujo donde se trabajan y desarrollan habilidades creativas y l\u00fadicas en los residentes.<\/p>\n<p>Desde el Centro Cultural se busc\u00f3 generar un ambiente de bienestar, plenitud y diversi\u00f3n a partir de necesidades y requerimientos de los mismos residentes; de esta manera los talleres se convirtieron en el momento de ocio preferido por todos.<\/p>\n<p>Asimismo, son un espacio de recreaci\u00f3n terap\u00e9utica, donde se utiliza el arte como herramienta para facilitar la expresi\u00f3n y resoluci\u00f3n de conflictos emocionales, alej\u00e1ndolos de la sobre exposici\u00f3n de informaci\u00f3n y\/o pensamientos negativos, buscando aportar tranquilidad y relajaci\u00f3n entre los mismos.<\/p>\n<p>Estos talleres tienen la particularidad de fomentar la creatividad, desarrollando la paciencia y otras funciones cognitivas como la memoria, atenci\u00f3n, concentraci\u00f3n, mejorando adem\u00e1s la motricidad fina y ayud\u00e1ndolos a sentirse m\u00e1s capaces; lo que tiene por resultado consecuente una mejor autoestima y autonom\u00eda.<\/p>\n<p>En ese sentido, la directora de la Residencia Eva Duarte de Per\u00f3n, Sonia Recabarren expres\u00f3: \u201cEste tipo de actividades son una excelente alternativa ya que son programadas y dise\u00f1adas por nuestro equipo de profesionales que trabaja dentro de la residencia. Ellos conocen a cada uno de nuestros adultos mayores, adem\u00e1s se trabaja de manera coordinada, bajo estricto cumplimiento sanitario para el resguardo de cada uno de sus participantes\u201d.<\/p>\n<p>&nbsp;<\/p>\n<p>&nbsp;<\/p>\n<p>&nbsp;<\/p>\n","protected":false},"excerpt":{"rendered":"<p>Con el objetivo de incentivar y promover un sentido de comunidad mediante una serie de actividades creativas y de di\u00e1logo,<\/p>\n","protected":false},"author":3,"featured_media":45992,"comment_status":"closed","ping_status":"closed","sticky":false,"template":"","format":"standard","meta":{"_acf_changed":false,"_seopress_robots_primary_cat":"none","_seopress_titles_title":"","_seopress_titles_desc":"","_seopress_robots_index":"","colormag_page_container_layout":"default_layout","colormag_page_sidebar_layout":"default_layout","footnotes":""},"categories":[9],"tags":[],"class_list":["post-45990","post","type-post","status-publish","format-standard","has-post-thumbnail","hentry","category-cursos"],"acf":[],"_links":{"self":[{"href":"https:\/\/vocesparalelas.com.ar\/sitio\/wp-json\/wp\/v2\/posts\/45990","targetHints":{"allow":["GET"]}}],"collection":[{"href":"https:\/\/vocesparalelas.com.ar\/sitio\/wp-json\/wp\/v2\/posts"}],"about":[{"href":"https:\/\/vocesparalelas.com.ar\/sitio\/wp-json\/wp\/v2\/types\/post"}],"author":[{"embeddable":true,"href":"https:\/\/vocesparalelas.com.ar\/sitio\/wp-json\/wp\/v2\/users\/3"}],"replies":[{"embeddable":true,"href":"https:\/\/vocesparalelas.com.ar\/sitio\/wp-json\/wp\/v2\/comments?post=45990"}],"version-history":[{"count":1,"href":"https:\/\/vocesparalelas.com.ar\/sitio\/wp-json\/wp\/v2\/posts\/45990\/revisions"}],"predecessor-version":[{"id":45993,"href":"https:\/\/vocesparalelas.com.ar\/sitio\/wp-json\/wp\/v2\/posts\/45990\/revisions\/45993"}],"wp:featuredmedia":[{"embeddable":true,"href":"https:\/\/vocesparalelas.com.ar\/sitio\/wp-json\/wp\/v2\/media\/45992"}],"wp:attachment":[{"href":"https:\/\/vocesparalelas.com.ar\/sitio\/wp-json\/wp\/v2\/media?parent=45990"}],"wp:term":[{"taxonomy":"category","embeddable":true,"href":"https:\/\/vocesparalelas.com.ar\/sitio\/wp-json\/wp\/v2\/categories?post=45990"},{"taxonomy":"post_tag","embeddable":true,"href":"https:\/\/vocesparalelas.com.ar\/sitio\/wp-json\/wp\/v2\/tags?post=45990"}],"curies":[{"name":"wp","href":"https:\/\/api.w.org\/{rel}","templated":true}]}}