{"id":45986,"date":"2022-02-06T20:34:37","date_gmt":"2022-02-06T23:34:37","guid":{"rendered":"https:\/\/vocesparalelas.com.ar\/sitio\/?p=45986"},"modified":"2022-02-06T20:34:37","modified_gmt":"2022-02-06T23:34:37","slug":"finalizaron-las-obras-de-remediacion-en-las-lagunas-de-guanacache","status":"publish","type":"post","link":"https:\/\/vocesparalelas.com.ar\/sitio\/finalizaron-las-obras-de-remediacion-en-las-lagunas-de-guanacache\/","title":{"rendered":"Finalizaron las obras de remediaci\u00f3n en las Lagunas de Guanacache"},"content":{"rendered":"<p>La Secretar\u00eda de Estado de Ambiente y Desarrollo Sustentable del Gobierno de San Juan realiz\u00f3 la auditor\u00eda de las obras de construcci\u00f3n de azudes y represas en el departamento Sarmiento, zona del Sitio Ramsar Lagunas de Guanacache, en el marco del Proyecto: Restauraci\u00f3n de Humedales y Cosecha de Agua con Represas.<\/p>\n<p>El director de Bosques Nativos, Daniel Poblete, evalu\u00f3 los trabajos realizados en el lugar e indic\u00f3 que \u201clas obras ya finalizaron y en las tres auditor\u00edas realizadas por los equipos de la Secretar\u00eda se verific\u00f3 que cada una de las etapas se cumpliera en los plazos establecidos y con las tareas previstas. En la \u00faltima visita al lugar se corrobor\u00f3 la finalizaci\u00f3n de todas las obras acorde a lo pactado previamente entre la empresa y la Comunidad Aguas Verdes\u201d.<\/p>\n<p>Este proyecto surge del acuerdo logrado a trav\u00e9s de una mesa de conciliaci\u00f3n entre los sectores p\u00fablico y privado, en la que intervino el Juzgado de Paz de Sarmiento que convoc\u00f3 a distintas instituciones para trabajar la problem\u00e1tica.<\/p>\n<p>Entre esas instituciones se encontraba la Secretar\u00eda de Ambiente, definida como coordinadora y auditora, cuya funci\u00f3n fue controlar las tareas que se realizaron. \u201cLa intervenci\u00f3n del Estado provincial tiene una gran importancia, ya que se puso a la cabeza de una situaci\u00f3n que comenz\u00f3 con un conflicto. Para la Secretar\u00eda de Estado de Ambiente, fue un eslab\u00f3n fundamental para destrabar la situaci\u00f3n y obtener beneficios para la comunidad y el ambiente, tal como nos encomend\u00f3 el secretario Francisco Guevara\u201d, expres\u00f3 Poblete.<\/p>\n<p>Las tareas de control y auditor\u00eda estuvieron a cargo de equipos t\u00e9cnicos de la Direcci\u00f3n de Conservaci\u00f3n, Direcci\u00f3n de Bosques Nativos y Direcci\u00f3n del Observatorio Ambiental de la Secretar\u00eda de Estado de Ambiente y Desarrollo Sustentable, quienes recorrieron las obras para elaborar los informes correspondientes al Juzgado de Paz.<\/p>\n<p>\u201cEstas obras son fundamentales para una zona semi des\u00e9rtica que como toda la provincia atraviesa un periodo de sequ\u00eda. Al mismo tiempo proporcionan muchos beneficios ambientales y sociales ya que permitir\u00e1n la recuperaci\u00f3n de los humedales con posibilidad de comenzar con siembras en un futuro, adem\u00e1s de servir de bebedero del ganado\u201d sum\u00f3 el secretario de Estado de Ambiente, Francisco Guevara.<\/p>\n<p>Las obras tuvieron un costo $10 millones de pesos y fueron financiadas por la empresa Industrias Chirino. Las mismas se ejecutaron en tres etapas, la primera consisti\u00f3 en la elaboraci\u00f3n de estudios topogr\u00e1ficos, en una segunda etapa comenz\u00f3 la construcci\u00f3n de seis azudes.<\/p>\n<p>Los azudes son peque\u00f1os diques de contenci\u00f3n cuya funci\u00f3n principal es la reconstrucci\u00f3n de humedales, a trav\u00e9s de la acumulaci\u00f3n de agua se produce la recuperaci\u00f3n de especies propias de los humedales, tanto flora como fauna.<\/p>\n<p>En una \u00faltima instancia, se concret\u00f3 la construcci\u00f3n de 15 represas, 14 de ellas destinadas a puesteros de la zona y una comunitaria. Las represas, de 30 metros cuadrados, cuentan adem\u00e1s con peque\u00f1as avenidas o huellas que van canalizando el agua para direccionarla a las represas.<\/p>\n<p>&nbsp;<\/p>\n<p>&nbsp;<\/p>\n<p>&nbsp;<\/p>\n","protected":false},"excerpt":{"rendered":"<p>La Secretar\u00eda de Estado de Ambiente y Desarrollo Sustentable del Gobierno de San Juan realiz\u00f3 la auditor\u00eda de las obras<\/p>\n","protected":false},"author":3,"featured_media":45988,"comment_status":"closed","ping_status":"closed","sticky":false,"template":"","format":"standard","meta":{"_acf_changed":false,"_seopress_robots_primary_cat":"none","_seopress_titles_title":"","_seopress_titles_desc":"","_seopress_robots_index":"","colormag_page_container_layout":"default_layout","colormag_page_sidebar_layout":"default_layout","footnotes":""},"categories":[1],"tags":[],"class_list":["post-45986","post","type-post","status-publish","format-standard","has-post-thumbnail","hentry","category-destacadas"],"acf":[],"_links":{"self":[{"href":"https:\/\/vocesparalelas.com.ar\/sitio\/wp-json\/wp\/v2\/posts\/45986","targetHints":{"allow":["GET"]}}],"collection":[{"href":"https:\/\/vocesparalelas.com.ar\/sitio\/wp-json\/wp\/v2\/posts"}],"about":[{"href":"https:\/\/vocesparalelas.com.ar\/sitio\/wp-json\/wp\/v2\/types\/post"}],"author":[{"embeddable":true,"href":"https:\/\/vocesparalelas.com.ar\/sitio\/wp-json\/wp\/v2\/users\/3"}],"replies":[{"embeddable":true,"href":"https:\/\/vocesparalelas.com.ar\/sitio\/wp-json\/wp\/v2\/comments?post=45986"}],"version-history":[{"count":1,"href":"https:\/\/vocesparalelas.com.ar\/sitio\/wp-json\/wp\/v2\/posts\/45986\/revisions"}],"predecessor-version":[{"id":45989,"href":"https:\/\/vocesparalelas.com.ar\/sitio\/wp-json\/wp\/v2\/posts\/45986\/revisions\/45989"}],"wp:featuredmedia":[{"embeddable":true,"href":"https:\/\/vocesparalelas.com.ar\/sitio\/wp-json\/wp\/v2\/media\/45988"}],"wp:attachment":[{"href":"https:\/\/vocesparalelas.com.ar\/sitio\/wp-json\/wp\/v2\/media?parent=45986"}],"wp:term":[{"taxonomy":"category","embeddable":true,"href":"https:\/\/vocesparalelas.com.ar\/sitio\/wp-json\/wp\/v2\/categories?post=45986"},{"taxonomy":"post_tag","embeddable":true,"href":"https:\/\/vocesparalelas.com.ar\/sitio\/wp-json\/wp\/v2\/tags?post=45986"}],"curies":[{"name":"wp","href":"https:\/\/api.w.org\/{rel}","templated":true}]}}