{"id":4598,"date":"2017-09-01T23:35:46","date_gmt":"2017-09-02T02:35:46","guid":{"rendered":"http:\/\/vocesparalelas.com.ar\/sitio\/?p=4598"},"modified":"2017-11-10T17:10:56","modified_gmt":"2017-11-10T20:10:56","slug":"se-desarrollo-la-feria-educativa-joven-2017","status":"publish","type":"post","link":"https:\/\/vocesparalelas.com.ar\/sitio\/se-desarrollo-la-feria-educativa-joven-2017\/","title":{"rendered":"Se desarroll\u00f3 la Feria Educativa Joven 2017"},"content":{"rendered":"<p>Con gran \u00e9xito se llev\u00f3 adelante la Feria Educativa Joven 2017, en la Ex Estaci\u00f3n San Mart\u00edn, que se desarroll\u00f3 desde las 9 a 18 hs.; donde infinidades de alumnos se hicieron presentes para conocer las propuestas educativas que ofreci\u00f3 la Municipalidad de la Ciudad de San Juan a trav\u00e9s de la Subdirecci\u00f3n de la Juventud, dependiente de la secretar\u00eda de Gobierno.<\/p>\n<p>Esta feria educativa cont\u00f3 con la participaci\u00f3n de las Universidad Nacional de San Juan, la Universidad Cat\u00f3lica de Cuyo, Universidad Empresarial Siglo XXI, Universidad de Congreso, el Instituto Superior Cervantes, Instituto de Capacitaci\u00f3n Laboral Aconcagua, Instituto Superior en Redes Inform\u00e1ticas, Instituto Gastron\u00f3mico de las Am\u00e9ricas, Instituto Superior de Formaci\u00f3n Docente Domingo Faustino Sarmiento, Instituto de Formaci\u00f3n Docente Carmen Pe\u00f1aloza, Instituto Borja Bl\u00e1zquez, Instituto San Nicol\u00e1s de Bari y la Escuela Normal Superior Sarmiento.<\/p>\n<p><img loading=\"lazy\" decoding=\"async\" class=\"alignnone size-medium wp-image-4605\" src=\"https:\/\/vocesparalelas.com.ar\/sitio\/wp-content\/uploads\/2017\/09\/FERIA-EDUCATIVA-01-300x200.jpg\" alt=\"\" width=\"300\" height=\"200\" srcset=\"https:\/\/vocesparalelas.com.ar\/sitio\/wp-content\/uploads\/2017\/09\/FERIA-EDUCATIVA-01-300x200.jpg 300w, https:\/\/vocesparalelas.com.ar\/sitio\/wp-content\/uploads\/2017\/09\/FERIA-EDUCATIVA-01-768x512.jpg 768w, https:\/\/vocesparalelas.com.ar\/sitio\/wp-content\/uploads\/2017\/09\/FERIA-EDUCATIVA-01-800x534.jpg 800w, https:\/\/vocesparalelas.com.ar\/sitio\/wp-content\/uploads\/2017\/09\/FERIA-EDUCATIVA-01.jpg 1000w\" sizes=\"auto, (max-width: 300px) 100vw, 300px\" \/> <img loading=\"lazy\" decoding=\"async\" class=\"alignnone size-medium wp-image-4606\" src=\"https:\/\/vocesparalelas.com.ar\/sitio\/wp-content\/uploads\/2017\/09\/FERIA-EDUCATIVA-05-300x200.jpg\" alt=\"\" width=\"300\" height=\"200\" srcset=\"https:\/\/vocesparalelas.com.ar\/sitio\/wp-content\/uploads\/2017\/09\/FERIA-EDUCATIVA-05-300x200.jpg 300w, https:\/\/vocesparalelas.com.ar\/sitio\/wp-content\/uploads\/2017\/09\/FERIA-EDUCATIVA-05-768x512.jpg 768w, https:\/\/vocesparalelas.com.ar\/sitio\/wp-content\/uploads\/2017\/09\/FERIA-EDUCATIVA-05-800x534.jpg 800w, https:\/\/vocesparalelas.com.ar\/sitio\/wp-content\/uploads\/2017\/09\/FERIA-EDUCATIVA-05.jpg 1000w\" sizes=\"auto, (max-width: 300px) 100vw, 300px\" \/> <img loading=\"lazy\" decoding=\"async\" class=\"alignnone size-medium wp-image-4602\" src=\"https:\/\/vocesparalelas.com.ar\/sitio\/wp-content\/uploads\/2017\/09\/FERIA-EDUCATIVA-03-300x200.jpg\" alt=\"\" width=\"300\" height=\"200\" srcset=\"https:\/\/vocesparalelas.com.ar\/sitio\/wp-content\/uploads\/2017\/09\/FERIA-EDUCATIVA-03-300x200.jpg 300w, https:\/\/vocesparalelas.com.ar\/sitio\/wp-content\/uploads\/2017\/09\/FERIA-EDUCATIVA-03-768x512.jpg 768w, https:\/\/vocesparalelas.com.ar\/sitio\/wp-content\/uploads\/2017\/09\/FERIA-EDUCATIVA-03-800x534.jpg 800w, https:\/\/vocesparalelas.com.ar\/sitio\/wp-content\/uploads\/2017\/09\/FERIA-EDUCATIVA-03.jpg 1000w\" sizes=\"auto, (max-width: 300px) 100vw, 300px\" \/> <img loading=\"lazy\" decoding=\"async\" class=\"alignnone size-medium wp-image-4601\" src=\"https:\/\/vocesparalelas.com.ar\/sitio\/wp-content\/uploads\/2017\/09\/FERIA-EDUCATIVA-02-300x200.jpg\" alt=\"\" width=\"300\" height=\"200\" srcset=\"https:\/\/vocesparalelas.com.ar\/sitio\/wp-content\/uploads\/2017\/09\/FERIA-EDUCATIVA-02-300x200.jpg 300w, https:\/\/vocesparalelas.com.ar\/sitio\/wp-content\/uploads\/2017\/09\/FERIA-EDUCATIVA-02-768x512.jpg 768w, https:\/\/vocesparalelas.com.ar\/sitio\/wp-content\/uploads\/2017\/09\/FERIA-EDUCATIVA-02-800x534.jpg 800w, https:\/\/vocesparalelas.com.ar\/sitio\/wp-content\/uploads\/2017\/09\/FERIA-EDUCATIVA-02.jpg 1000w\" sizes=\"auto, (max-width: 300px) 100vw, 300px\" \/><\/p>\n<p>Los alumnos del \u00faltimo a\u00f1o de las Escuelas y Colegios de Capital, que se acercaron dieron a conocer las distintas carreras de grado, tecnicaturas y cursos.<\/p>\n<p>Con gran inter\u00e9s escucharon las explicaciones y recibieron folleter\u00eda y los costos de inscripci\u00f3n y mensual.<\/p>\n<p>Por ello, el intendente Municipal de la Ciudad de San Juan, Lic. Franco Aranda remarc\u00f3 que \u201cdesde nuestra gesti\u00f3n sentimos la necesidad de organizar una Feria Educativa Joven 2017 porque es una forma que est\u00e9 presente Capital\u201d.<\/p>\n<p>\u201cLa oferta educativa que ofrecen las distintas instituciones educativas es muy interesante porque son los responsables de ofrecer a los alumnos del \u00faltimo a\u00f1o una profesi\u00f3n con salida laboral\u201d.<\/p>\n<p>\u201cAdem\u00e1s, la presencia de las distintas Universidades, con todas las gamas de carreras que contienen, as\u00ed como tambi\u00e9n a los Institutos de Capacitaci\u00f3n Laboral\u201d.<\/p>\n<p>\u201cNos pareci\u00f3 muy oportuno juntar estas ofertas educativas, que involucra el futuro de nuestros j\u00f3venes para que en el futuro puedan tener una inserci\u00f3n laboral\u201d.<\/p>\n<p>\u201cTambi\u00e9n, hemos considerado que muchos j\u00f3venes aun no definen su decisi\u00f3n hacia donde ir para continuar sus estudios\u201d.<\/p>\n<p>\u201cPor eso queremos generarles las herramientas necesarias para que a la hora de decidir se equivoquen lo menos posible en su elecci\u00f3n\u201d \u2013 sintetiz\u00f3 el intendente Aranda.<\/p>\n<p>Acompa\u00f1aron al intendente el Presidente del Concejo Deliberante, Abog. Juan Pablo Dara,\u00a0 el concejal Gabriel Castro, la secretaria Administrativa de dicho cuerpo legislativo, Dra.\u00a0 Alejandra Caneva, el secretario de Gobierno, Dr. Sergio Ovalles, los directores,\u00a0 de Desarrollo Humano, Jos\u00e9 Luis Aciar y de Seguridad, Dr. Sergio L\u00f3pez Mart\u00ed,\u00a0 y el Subdirector de la Juventud, Federico Sisterna, entre otros funcionarios.<\/p>\n<p>Asimismo se brind\u00f3 a los interesados la posibilidad de participar en los Talleres de Orientaci\u00f3n Vocacional que llevaron adelante psic\u00f3logas especializadas.<\/p>\n<p>&nbsp;<\/p>\n<p>&nbsp;<\/p>\n<p>&nbsp;<\/p>\n","protected":false},"excerpt":{"rendered":"<p>Con gran \u00e9xito se llev\u00f3 adelante la Feria Educativa Joven 2017, en la Ex Estaci\u00f3n San Mart\u00edn, que se desarroll\u00f3<\/p>\n","protected":false},"author":3,"featured_media":4599,"comment_status":"closed","ping_status":"closed","sticky":false,"template":"","format":"standard","meta":{"_acf_changed":false,"_seopress_robots_primary_cat":"","_seopress_titles_title":"","_seopress_titles_desc":"","_seopress_robots_index":"","colormag_page_container_layout":"default_layout","colormag_page_sidebar_layout":"default_layout","footnotes":""},"categories":[6],"tags":[],"class_list":["post-4598","post","type-post","status-publish","format-standard","has-post-thumbnail","hentry","category-eventos"],"acf":[],"_links":{"self":[{"href":"https:\/\/vocesparalelas.com.ar\/sitio\/wp-json\/wp\/v2\/posts\/4598","targetHints":{"allow":["GET"]}}],"collection":[{"href":"https:\/\/vocesparalelas.com.ar\/sitio\/wp-json\/wp\/v2\/posts"}],"about":[{"href":"https:\/\/vocesparalelas.com.ar\/sitio\/wp-json\/wp\/v2\/types\/post"}],"author":[{"embeddable":true,"href":"https:\/\/vocesparalelas.com.ar\/sitio\/wp-json\/wp\/v2\/users\/3"}],"replies":[{"embeddable":true,"href":"https:\/\/vocesparalelas.com.ar\/sitio\/wp-json\/wp\/v2\/comments?post=4598"}],"version-history":[{"count":0,"href":"https:\/\/vocesparalelas.com.ar\/sitio\/wp-json\/wp\/v2\/posts\/4598\/revisions"}],"wp:featuredmedia":[{"embeddable":true,"href":"https:\/\/vocesparalelas.com.ar\/sitio\/wp-json\/wp\/v2\/media\/4599"}],"wp:attachment":[{"href":"https:\/\/vocesparalelas.com.ar\/sitio\/wp-json\/wp\/v2\/media?parent=4598"}],"wp:term":[{"taxonomy":"category","embeddable":true,"href":"https:\/\/vocesparalelas.com.ar\/sitio\/wp-json\/wp\/v2\/categories?post=4598"},{"taxonomy":"post_tag","embeddable":true,"href":"https:\/\/vocesparalelas.com.ar\/sitio\/wp-json\/wp\/v2\/tags?post=4598"}],"curies":[{"name":"wp","href":"https:\/\/api.w.org\/{rel}","templated":true}]}}