{"id":45979,"date":"2022-02-05T12:31:35","date_gmt":"2022-02-05T15:31:35","guid":{"rendered":"https:\/\/vocesparalelas.com.ar\/sitio\/?p=45979"},"modified":"2022-02-08T01:36:55","modified_gmt":"2022-02-08T04:36:55","slug":"se-desarrolla-en-san-juan-el-43-encuentro-nacional-virtual-de-maestros-rurales-argentinos","status":"publish","type":"post","link":"https:\/\/vocesparalelas.com.ar\/sitio\/se-desarrolla-en-san-juan-el-43-encuentro-nacional-virtual-de-maestros-rurales-argentinos\/","title":{"rendered":"Se desarrolla en San Juan el 43\u00b0 Encuentro Nacional Virtual de Maestros Rurales Argentinos"},"content":{"rendered":"<p>El Martes, 8 y el Mi\u00e9rcoles, 9 de Febrero, la Provincia de San Juan, Rep\u00fablica Argentina como sede se desarrolla el 43\u00b0 Encuentro Nacional Virtual de Maestros Rurales Argentinos.<\/p>\n<p>El eje central es el Medio Ambiente y temas de actualidad en Educaci\u00f3n Rural.<\/p>\n<p>El prop\u00f3sito es ser una herramienta para desarrollar actividades que incentiven el compromiso de participar, perfeccionarse y compartir experiencias que puedan sumar al trabajo diario.<\/p>\n<p>El curso es gratuito, con una carga de once horas reloj y aval del Ministerio de Educaci\u00f3n para ser valorado por la Junta de Clasificaci\u00f3n Docente. Participan 8427 docentes de todo el pa\u00eds.<\/p>\n<p>El encuentro de transmitir\u00e1 por YouToube desde el Centro Ambiental Anchipurac, la primera construcci\u00f3n sustentable y bioclim\u00e1tica de San Juan, concebida para obtener el mayor provecho de la geograf\u00eda y el clima de la provincia.<\/p>\n<p><span style=\"color: #99cc00;\"><strong>Cronograma<\/strong><\/span><\/p>\n<p><span style=\"color: #99cc00;\"><strong>Martes, 08 de Febrero<\/strong><\/span><\/p>\n<p><span style=\"color: #99cc00;\"><strong>9 horas<\/strong><\/span><\/p>\n<ul>\n<li>Apertura: Palabras de apertura y bienvenida: Presidenta Actual de la Asociaci\u00f3n de\u00a0<em>Maestros<\/em>\u00a0Rurales Argentinos (AMRA), Bibiana Acosta<\/li>\n<\/ul>\n<p><span style=\"color: #99cc00;\"><strong>9:10 horas<\/strong><\/span><\/p>\n<ul>\n<li>Bienvenida a las autoridades presentes.<\/li>\n<li>Ingreso de las banderas de ceremonia: Argentina, Provincial y Wiphala.<\/li>\n<li>Entonaci\u00f3n del Himno Nacional Argentino: interpretado por Anal\u00eda Castro P\u00e1ez.<\/li>\n<li>Se exhibir\u00e1 un video de los abanderados de las delegaciones presentes.<\/li>\n<\/ul>\n<p><span style=\"color: #99cc00;\"><strong>9:20 horas<\/strong><\/span><\/p>\n<ul>\n<li>Palabras de bienvenida del secretario de Estado de Ambiente y Desarrollo Sustentable, Francisco Guevara y la ministra de Educaci\u00f3n, Cecilia Trincado Moncho.<\/li>\n<\/ul>\n<p><span style=\"color: #99cc00;\"><strong>9:35 horas<\/strong><\/span><\/p>\n<ul>\n<li>Presentaci\u00f3n de la nueva versi\u00f3n del Himno de AMRA a cargo de los profesores: Adri\u00e1n Elizondo , Kevin Soria y Enzo Fern\u00e1ndez<\/li>\n<\/ul>\n<p><span style=\"color: #99cc00;\"><strong>9:40 horas<\/strong><\/span><\/p>\n<ul>\n<li>Palabras de la fundadora de AMRA, maestra Rural Silvia Michelli<\/li>\n<\/ul>\n<p><span style=\"color: #99cc00;\"><strong>9:50 horas<\/strong><\/span><\/p>\n<ul>\n<li>Retiro de las banderas de ceremonia.<\/li>\n<\/ul>\n<p><span style=\"color: #99cc00;\"><strong>9:55 horas<\/strong><\/span><\/p>\n<ul>\n<li>Homenaje a Olga \u201cLita\u201d Firpo. Maestra rural, video elaborado por Anal\u00eda Castro<\/li>\n<\/ul>\n<p><span style=\"color: #99cc00;\"><strong>10 horas<\/strong><\/span><\/p>\n<ul>\n<li>Presentaci\u00f3n del tema central del encuentro a cargo de la directora de Nivel Inicial, Laura Marcela Castro y la directora de Educaci\u00f3n Ambiental, Susana Carrizo.<\/li>\n<\/ul>\n<p><span style=\"color: #99cc00;\"><strong>10:10 horas<\/strong><\/span><\/p>\n<ul>\n<li>Se exhibe el video \u201cSan Juan: Bellezas del Anchipurac, a cargo de la directora del Centro Anchipurac, Claudia Agnelli<\/li>\n<\/ul>\n<p><span style=\"color: #99cc00;\"><strong>10:30 horas<\/strong><\/span><\/p>\n<ul>\n<li>Cuento de Elena Santa Cruz: \u201cShak \u201c<\/li>\n<\/ul>\n<p><span style=\"color: #99cc00;\"><strong>10:40 horas<\/strong><\/span><\/p>\n<ul>\n<li>Mendoza: Guardianes del agua, Ricardo Omar Morales<\/li>\n<\/ul>\n<p><strong><span style=\"color: #99cc00;\">11:00<\/span> <span style=\"color: #99cc00;\">horas<\/span><\/strong><\/p>\n<ul>\n<li>Buenos Aires Brandsen: Campa\u00f1as del agua en las escuelas rurales, Araceli Sivori<\/li>\n<\/ul>\n<p><span style=\"color: #99cc00;\"><strong>11:20 horas<\/strong><\/span><\/p>\n<ul>\n<li>Spots de Buenos Aires<\/li>\n<\/ul>\n<p><span style=\"color: #99cc00;\"><strong>11:25 horas<\/strong><\/span><\/p>\n<ul>\n<li>C\u00f3rdoba: Forestaci\u00f3n masiva. Ladrillos ecol\u00f3gicos, Mar\u00eda Vanesa Bruno<\/li>\n<\/ul>\n<p><span style=\"color: #99cc00;\"><strong>11:45 horas<\/strong><\/span><\/p>\n<ul>\n<li>Buenos Aires: Taller: La ense\u00f1anza de las Ciencias Naturales, V\u00edctor Manuel Furci<\/li>\n<\/ul>\n<p><span style=\"color: #99cc00;\"><strong>12:25 horas<\/strong><\/span><\/p>\n<ul>\n<li>Spots de la provincia de Jujuy<\/li>\n<li>Pedido a las delegaciones reuni\u00f3n por provincia para elegir nuevo delegado\/a, subdelegados\/a y delegado\/a suplente.<\/li>\n<\/ul>\n<p><span style=\"color: #99cc00;\"><strong>17:10 horas<\/strong><\/span><\/p>\n<ul>\n<li>Testimonio del docente rural Huvert Molinari.<\/li>\n<\/ul>\n<p><span style=\"color: #99cc00;\"><strong>17:20 horas<\/strong><\/span><\/p>\n<ul>\n<li>Santa Fe, Firmat \u201cSi reciclamos no es basura\u201d Planta Modelo de Tratamiento de Residuos s\u00f3lidos urbanos, Norma Lafuente<\/li>\n<\/ul>\n<p><span style=\"color: #99cc00;\"><strong>17:40 horas<\/strong><\/span><\/p>\n<ul>\n<li>La Pampa: Proyecto \u00e1reas integradas: \u00bfC\u00f3mo podemos ayudar? \u201cCambiemos la mirada sobre los animales\u201d, Ana Mar\u00eda Bianco<\/li>\n<\/ul>\n<p><span style=\"color: #99cc00;\"><strong>18 horas<\/strong><\/span><\/p>\n<ul>\n<li>Taller: \u201cLibros como alas: La biblioteca como espacio para desplegar vuelos, Lorena Gonz\u00e1lez Orellana<\/li>\n<\/ul>\n<p><span style=\"color: #99cc00;\"><strong>18:40 horas<\/strong><\/span><\/p>\n<ul>\n<li>Presentaci\u00f3n del sitio web de AMRA, a cargo de Daniel Enrique Molina<\/li>\n<\/ul>\n<p><span style=\"color: #99cc00;\"><strong>Mi\u00e9rcoles, 9 de Febrero<\/strong><\/span><\/p>\n<p><span style=\"color: #99cc00;\"><strong>9:10 horas<\/strong><\/span><\/p>\n<ul>\n<li>Salta: Experiencias en formaci\u00f3n Docente rural biling\u00fce, Santiago Elvio Arias<\/li>\n<\/ul>\n<p><span style=\"color: #99cc00;\"><strong>9:30 horas<\/strong><\/span><\/p>\n<ul>\n<li>Mendoza: Espacio para la ESI. Profesoras: Ana Laura Granados y Mar\u00eda Virginia R. Funes<\/li>\n<\/ul>\n<p><span style=\"color: #99cc00;\"><strong>9:50 horas<\/strong><\/span><\/p>\n<ul>\n<li>Spots provincia de Tucum\u00e1n<\/li>\n<\/ul>\n<p><span style=\"color: #99cc00;\"><strong>9:55 horas<\/strong><\/span><\/p>\n<ul>\n<li>Buenos Aires: Presentaci\u00f3n libro: Como aplicar ESI en clases de Ed. F\u00edsica. Rompiendo estereotipos, Laura Gonz\u00e1lez Young<\/li>\n<li>Lincoln: Sembrando ESI profesoras: Elisa Vicondo, Roc\u00edo Pino y Yanina Bengoa<\/li>\n<\/ul>\n<p><span style=\"color: #99cc00;\"><strong>10:25 horas<\/strong><\/span><\/p>\n<ul>\n<li>Catamarca: Eulalia: Una historia contada por los ni\u00f1os, Juan Carlos Gervan<\/li>\n<\/ul>\n<p><span style=\"color: #99cc00;\"><strong>10:45 horas<\/strong><\/span><\/p>\n<ul>\n<li>Spots provincia de Mendoza<\/li>\n<\/ul>\n<p><span style=\"color: #99cc00;\"><strong>10:50 horas<\/strong><\/span><\/p>\n<ul>\n<li>Programa de atenci\u00f3n del escolar, Ana L\u00eda Soriano<\/li>\n<\/ul>\n<p><span style=\"color: #99cc00;\"><strong>11:10 horas<\/strong><\/span><\/p>\n<ul>\n<li>C\u00f3rdoba- Marcos Sur: Educaci\u00f3n Musical en las escuelas rurales. \u201cCanciones urgente para mi tierra\u201d, Ramiro Lezcano<\/li>\n<\/ul>\n<p><span style=\"color: #99cc00;\"><strong>11:35 horas<\/strong><\/span><\/p>\n<ul>\n<li>Spots provincia de Salta<\/li>\n<\/ul>\n<p><span style=\"color: #99cc00;\"><strong>11:40 horas<\/strong><\/span><\/p>\n<ul>\n<li>San Juan: \u201cPorque amo mi planeta\u201d, Natalia Romina Castro<\/li>\n<\/ul>\n<p><span style=\"color: #99cc00;\"><strong>12 horas<\/strong><\/span><\/p>\n<ul>\n<li>Agradeciendo a la Madre Tierra. Plantar una semilla como s\u00edmbolo de compromiso con nuestro Planeta, nuestro Hogar.<\/li>\n<\/ul>\n<p><span style=\"color: #99cc00;\"><strong>12:15 horas<\/strong><\/span><\/p>\n<ul>\n<li>Testimonio de una docente rural que asiste desde hace poco tiempo a los encuentros de AMRA, Estela Lemes<\/li>\n<\/ul>\n<p><span style=\"color: #99cc00;\"><strong>17:10 horas<\/strong><\/span><\/p>\n<ul>\n<li>San Juan: Una propuesta para docentes que buscan conocer y cuidar el ambiente, Silvana B. Anastasi y Alicia M.de G\u00f3mez<\/li>\n<\/ul>\n<p><span style=\"color: #99cc00;\"><strong>17:30 horas<\/strong><\/span><\/p>\n<ul>\n<li>Jujuy: Un flamenco solitario, un mundo para aprender en Vizcarra. \u201cConociendo el flamenco de plumitas negras\u201d Mar\u00eda Patricia Rosales y Gabriela Andrea Mamani<\/li>\n<\/ul>\n<p><span style=\"color: #99cc00;\"><strong>17:50 horas<\/strong><\/span><\/p>\n<ul>\n<li>Taller: \u201cValijas rotas\u201d, Elena Santa Cruz<\/li>\n<\/ul>\n<p><span style=\"color: #99cc00;\"><strong>18:20 horas<\/strong><\/span><\/p>\n<ul>\n<li>Lectura de las conclusiones por el sub delegado de San Juan, H\u00e9ctor Luna<\/li>\n<\/ul>\n<p><span style=\"color: #99cc00;\"><strong>18:30 horas<\/strong><\/span><\/p>\n<ul>\n<li>Spots provincia de Catamarca<\/li>\n<li>Aprobaci\u00f3n de las conclusiones<\/li>\n<li>Anuncio de la nueva sede del 44\u00b0 Encuentro 2023<\/li>\n<\/ul>\n<p><span style=\"color: #99cc00;\"><strong>19 horas<\/strong><\/span><\/p>\n<ul>\n<li>Cierre del 43\u00b0 Encuentro Nacional Virtual de Maestros Rurales Argentinos.<\/li>\n<\/ul>\n","protected":false},"excerpt":{"rendered":"<p>El Martes, 8 y el Mi\u00e9rcoles, 9 de Febrero, la Provincia de San Juan, Rep\u00fablica Argentina como sede se desarrolla<\/p>\n","protected":false},"author":3,"featured_media":16552,"comment_status":"closed","ping_status":"closed","sticky":false,"template":"","format":"standard","meta":{"_acf_changed":false,"_seopress_robots_primary_cat":"none","_seopress_titles_title":"","_seopress_titles_desc":"","_seopress_robots_index":"","colormag_page_container_layout":"default_layout","colormag_page_sidebar_layout":"default_layout","footnotes":""},"categories":[9],"tags":[],"class_list":["post-45979","post","type-post","status-publish","format-standard","has-post-thumbnail","hentry","category-cursos"],"acf":[],"_links":{"self":[{"href":"https:\/\/vocesparalelas.com.ar\/sitio\/wp-json\/wp\/v2\/posts\/45979","targetHints":{"allow":["GET"]}}],"collection":[{"href":"https:\/\/vocesparalelas.com.ar\/sitio\/wp-json\/wp\/v2\/posts"}],"about":[{"href":"https:\/\/vocesparalelas.com.ar\/sitio\/wp-json\/wp\/v2\/types\/post"}],"author":[{"embeddable":true,"href":"https:\/\/vocesparalelas.com.ar\/sitio\/wp-json\/wp\/v2\/users\/3"}],"replies":[{"embeddable":true,"href":"https:\/\/vocesparalelas.com.ar\/sitio\/wp-json\/wp\/v2\/comments?post=45979"}],"version-history":[{"count":1,"href":"https:\/\/vocesparalelas.com.ar\/sitio\/wp-json\/wp\/v2\/posts\/45979\/revisions"}],"predecessor-version":[{"id":45981,"href":"https:\/\/vocesparalelas.com.ar\/sitio\/wp-json\/wp\/v2\/posts\/45979\/revisions\/45981"}],"wp:featuredmedia":[{"embeddable":true,"href":"https:\/\/vocesparalelas.com.ar\/sitio\/wp-json\/wp\/v2\/media\/16552"}],"wp:attachment":[{"href":"https:\/\/vocesparalelas.com.ar\/sitio\/wp-json\/wp\/v2\/media?parent=45979"}],"wp:term":[{"taxonomy":"category","embeddable":true,"href":"https:\/\/vocesparalelas.com.ar\/sitio\/wp-json\/wp\/v2\/categories?post=45979"},{"taxonomy":"post_tag","embeddable":true,"href":"https:\/\/vocesparalelas.com.ar\/sitio\/wp-json\/wp\/v2\/tags?post=45979"}],"curies":[{"name":"wp","href":"https:\/\/api.w.org\/{rel}","templated":true}]}}