{"id":45970,"date":"2022-02-04T21:00:13","date_gmt":"2022-02-05T00:00:13","guid":{"rendered":"https:\/\/vocesparalelas.com.ar\/sitio\/?p=45970"},"modified":"2022-02-04T22:39:51","modified_gmt":"2022-02-05T01:39:51","slug":"entregaron-los-kits-escolares-a-los-participantes-de-las-colonias-de-verano-del-departamento-rivadavia","status":"publish","type":"post","link":"https:\/\/vocesparalelas.com.ar\/sitio\/entregaron-los-kits-escolares-a-los-participantes-de-las-colonias-de-verano-del-departamento-rivadavia\/","title":{"rendered":"Entregaron los kits escolares a los participantes de las Colonias de Verano del Departamento Rivadavia"},"content":{"rendered":"<p>Bajo estrictos protocolos sanitarios, se llev\u00f3 adelante la entrega de \u00fatiles escolares a familias destinatarias del programa Colonias de Verano 2022; en esta oportunidad a beneficiarios del departamento Rivadavia.<\/p>\n<p>El Ministerio de Desarrollo Humano y Promoci\u00f3n Social, a trav\u00e9s de la Direcci\u00f3n de Pol\u00edticas Alimentarias, en conjunto con la Municipalidad de Rivadavia hizo entrega de los kits a 640 ni\u00f1os y ni\u00f1as, 30 personas mayores y 30 personas con discapacidad.<\/p>\n<p>La iniciativa tiene como fin potenciar e incentivar las habilidades de los estudiantes con materiales de calidad, logrando un entorno de aprendizaje m\u00e1s din\u00e1mico y atentos a las necesidades de cada familia a la hora de adquirir estos elementos educativos.<\/p>\n<p>En su alocuci\u00f3n, el ministro de Desarrollo Humano y Promoci\u00f3n Social, Fabian Aballay, manifest\u00f3: \u201cHab\u00edamos trabajado para desarrollar un mes pleno de actividades de contenci\u00f3n para m\u00e1s de 22.000 personas; lamentablemente la situaci\u00f3n sanitaria no nos permiti\u00f3 continuar con el programa de las Colonias de Verano. Adem\u00e1s, ten\u00edamos preparado estos kits educativos para beneficiar a los inscriptos, que realmente les viene bien en la previa inminente que ser\u00e1 el comienzo de clases, eso lo pudimos y lo estamos cumpliendo, en cada departamento\u201d.<\/p>\n<p>Adem\u00e1s, Aballay destac\u00f3 que \u201cse trata de una iniciativa que nos permite enfatizar en la importancia de la educaci\u00f3n y la inclusi\u00f3n social pero fundamentalmente reafirmamos el compromiso del Estado con la educaci\u00f3n de sanjuaninos y sanjuaninas\u201d.<\/p>\n<p>Por otro lado, el intendente Rivadavia, Fabian Mart\u00edn, dio cuenta de la importancia de las pol\u00edticas p\u00fablicas impulsadas desde Desarrollo Humano: \u201ces importante la entrega de kits que viene compuesto por \u00fatiles escolares, guardapolvo y por la mochila, hoy realizamos esta entrega tan valiosa que los padres necesitan para que los chicos puedan asistir al colegio\u201d.<\/p>\n<p>Una las beneficiarias, Luisa Alamanda, manifest\u00f3 lo que significa para su familia poder recibir estos elementos educativos \u201cpara nosotros es muy complicado poder comprar los \u00fatiles que nos piden en la escuela. Hoy retiro kits para mis hijos de 7 y 8 a\u00f1os, van a estar re contentos cuando llegue y les muestre las cosas. L\u00e1stima que las colonias fueron poquitos d\u00edas, pero igualmente la pasaron\u201d.<\/p>\n<p>Estuvieron presentes, acompa\u00f1ando al ministro Aballay y al intendente Martin; el subsecretario de Articulaci\u00f3n Abordaje Territorial, Cristian Morales; el director Pol\u00edticas Alimentarias, Horacio Pelaitay; el director de Juventudes, Emiliano Paradiso; la coordinadora de Gabinete de la Municipalidad, Mar\u00eda Rita Lezcano; el director de Deportes de la Municipalidad, Santiago de la Torre; los concejales Leonardo Lorenzo y Walter V\u00e1zquez.<\/p>\n","protected":false},"excerpt":{"rendered":"<p>Bajo estrictos protocolos sanitarios, se llev\u00f3 adelante la entrega de \u00fatiles escolares a familias destinatarias del programa Colonias de Verano<\/p>\n","protected":false},"author":3,"featured_media":45972,"comment_status":"closed","ping_status":"closed","sticky":false,"template":"","format":"standard","meta":{"_acf_changed":false,"_seopress_robots_primary_cat":"none","_seopress_titles_title":"","_seopress_titles_desc":"","_seopress_robots_index":"","colormag_page_container_layout":"default_layout","colormag_page_sidebar_layout":"default_layout","footnotes":""},"categories":[1],"tags":[],"class_list":["post-45970","post","type-post","status-publish","format-standard","has-post-thumbnail","hentry","category-destacadas"],"acf":[],"_links":{"self":[{"href":"https:\/\/vocesparalelas.com.ar\/sitio\/wp-json\/wp\/v2\/posts\/45970","targetHints":{"allow":["GET"]}}],"collection":[{"href":"https:\/\/vocesparalelas.com.ar\/sitio\/wp-json\/wp\/v2\/posts"}],"about":[{"href":"https:\/\/vocesparalelas.com.ar\/sitio\/wp-json\/wp\/v2\/types\/post"}],"author":[{"embeddable":true,"href":"https:\/\/vocesparalelas.com.ar\/sitio\/wp-json\/wp\/v2\/users\/3"}],"replies":[{"embeddable":true,"href":"https:\/\/vocesparalelas.com.ar\/sitio\/wp-json\/wp\/v2\/comments?post=45970"}],"version-history":[{"count":3,"href":"https:\/\/vocesparalelas.com.ar\/sitio\/wp-json\/wp\/v2\/posts\/45970\/revisions"}],"predecessor-version":[{"id":45975,"href":"https:\/\/vocesparalelas.com.ar\/sitio\/wp-json\/wp\/v2\/posts\/45970\/revisions\/45975"}],"wp:featuredmedia":[{"embeddable":true,"href":"https:\/\/vocesparalelas.com.ar\/sitio\/wp-json\/wp\/v2\/media\/45972"}],"wp:attachment":[{"href":"https:\/\/vocesparalelas.com.ar\/sitio\/wp-json\/wp\/v2\/media?parent=45970"}],"wp:term":[{"taxonomy":"category","embeddable":true,"href":"https:\/\/vocesparalelas.com.ar\/sitio\/wp-json\/wp\/v2\/categories?post=45970"},{"taxonomy":"post_tag","embeddable":true,"href":"https:\/\/vocesparalelas.com.ar\/sitio\/wp-json\/wp\/v2\/tags?post=45970"}],"curies":[{"name":"wp","href":"https:\/\/api.w.org\/{rel}","templated":true}]}}