{"id":45964,"date":"2022-02-04T20:23:14","date_gmt":"2022-02-04T23:23:14","guid":{"rendered":"https:\/\/vocesparalelas.com.ar\/sitio\/?p=45964"},"modified":"2022-02-04T20:43:26","modified_gmt":"2022-02-04T23:43:26","slug":"nacio-otro-condor-andino-en-cautiverio-en-san-juan","status":"publish","type":"post","link":"https:\/\/vocesparalelas.com.ar\/sitio\/nacio-otro-condor-andino-en-cautiverio-en-san-juan\/","title":{"rendered":"Naci\u00f3 otro c\u00f3ndor andino en cautiverio en San Juan"},"content":{"rendered":"<p>La Municipalidad de Rivadavia informa que naci\u00f3 el segundo c\u00f3ndor en cautiverio en el Centro para la Conservaci\u00f3n de la Fauna Silvestre \u00abParque Faun\u00edstico\u00bb, Departamento Rivadavia, San Juan.<\/p>\n<p>Es importante destacar que, el 23 de Diciembre de 2021, naci\u00f3 un peque\u00f1o pich\u00f3n en las instalaciones del Parque Faun\u00edstico. Es la segunda cr\u00eda de Tay (vida) y Torom (trueno).<\/p>\n<p><img loading=\"lazy\" decoding=\"async\" class=\"alignnone size-large wp-image-45966\" src=\"https:\/\/vocesparalelas.com.ar\/sitio\/wp-content\/uploads\/2022\/02\/CONDOR-RIVA-01-800x533.jpg\" alt=\"\" width=\"800\" height=\"533\" srcset=\"https:\/\/vocesparalelas.com.ar\/sitio\/wp-content\/uploads\/2022\/02\/CONDOR-RIVA-01-800x533.jpg 800w, https:\/\/vocesparalelas.com.ar\/sitio\/wp-content\/uploads\/2022\/02\/CONDOR-RIVA-01-300x200.jpg 300w, https:\/\/vocesparalelas.com.ar\/sitio\/wp-content\/uploads\/2022\/02\/CONDOR-RIVA-01-768x512.jpg 768w, https:\/\/vocesparalelas.com.ar\/sitio\/wp-content\/uploads\/2022\/02\/CONDOR-RIVA-01.jpg 1024w\" sizes=\"auto, (max-width: 800px) 100vw, 800px\" \/><\/p>\n<p>Hay que recordar que, la primera cr\u00eda de c\u00f3ndor en cautiverio, Takiyiwe, naci\u00f3 en 2018 y vuela en perfecto estado de salud por el cielo patag\u00f3nico.<\/p>\n<p>Los padres de este peque\u00f1o, que a\u00fan no tiene nombre, empollaron el huevo hasta su nacimiento. Hoy, se encuentra en su nido, en el que permanece durante 6 meses de vida.<\/p>\n<p>Luego de esa etapa, la Fundaci\u00f3n BioAndina, comienza el proceso para la adaptaci\u00f3n al mundo silvestre para luego unirse en vuelo a su hermana Takiyiwe.<\/p>\n<p>Para Argentina es un hecho hist\u00f3rico por ser el un proceso de gestaci\u00f3n natural y en cautiverio, debido a que el c\u00f3ndor andino es una de las especies cercana a la\u00a0 amenaza de extinci\u00f3n.<\/p>\n<p>Es digno destacar que, cuando las autoridades asumieron la gesti\u00f3n, tuvieron la firme convicci\u00f3n de convertir el viejo Parque Faun\u00edstico, en un verdadero centro para la conservaci\u00f3n de la fauna de San Juan; con el trabajo y la dedicaci\u00f3n del personal que trabaja. Esto muestra que el compromiso se logra con el esfuerzo unido.<\/p>\n<p>&nbsp;<\/p>\n<p><img loading=\"lazy\" decoding=\"async\" class=\"alignnone size-large wp-image-45968 aligncenter\" src=\"https:\/\/vocesparalelas.com.ar\/sitio\/wp-content\/uploads\/2022\/02\/CONDOR-RIVA-03-530x800.jpg\" alt=\"\" width=\"530\" height=\"800\" srcset=\"https:\/\/vocesparalelas.com.ar\/sitio\/wp-content\/uploads\/2022\/02\/CONDOR-RIVA-03-530x800.jpg 530w, https:\/\/vocesparalelas.com.ar\/sitio\/wp-content\/uploads\/2022\/02\/CONDOR-RIVA-03-199x300.jpg 199w, https:\/\/vocesparalelas.com.ar\/sitio\/wp-content\/uploads\/2022\/02\/CONDOR-RIVA-03.jpg 678w\" sizes=\"auto, (max-width: 530px) 100vw, 530px\" \/><\/p>\n<p>&nbsp;<\/p>\n<p><img loading=\"lazy\" decoding=\"async\" class=\"alignnone size-large wp-image-25889\" src=\"https:\/\/vocesparalelas.com.ar\/sitio\/wp-content\/uploads\/2019\/12\/RIVADAVIA-FAUNISTICO-800x600.jpg\" alt=\"\" width=\"800\" height=\"600\" srcset=\"https:\/\/vocesparalelas.com.ar\/sitio\/wp-content\/uploads\/2019\/12\/RIVADAVIA-FAUNISTICO.jpg 800w, https:\/\/vocesparalelas.com.ar\/sitio\/wp-content\/uploads\/2019\/12\/RIVADAVIA-FAUNISTICO-300x225.jpg 300w, https:\/\/vocesparalelas.com.ar\/sitio\/wp-content\/uploads\/2019\/12\/RIVADAVIA-FAUNISTICO-768x576.jpg 768w\" sizes=\"auto, (max-width: 800px) 100vw, 800px\" \/><\/p>\n<p>&nbsp;<\/p>\n<p>&nbsp;<\/p>\n<p>&nbsp;<\/p>\n","protected":false},"excerpt":{"rendered":"<p>La Municipalidad de Rivadavia informa que naci\u00f3 el segundo c\u00f3ndor en cautiverio en el Centro para la Conservaci\u00f3n de la<\/p>\n","protected":false},"author":3,"featured_media":45967,"comment_status":"closed","ping_status":"closed","sticky":false,"template":"","format":"standard","meta":{"_acf_changed":false,"_seopress_robots_primary_cat":"none","_seopress_titles_title":"","_seopress_titles_desc":"","_seopress_robots_index":"","colormag_page_container_layout":"default_layout","colormag_page_sidebar_layout":"default_layout","footnotes":""},"categories":[1],"tags":[],"class_list":["post-45964","post","type-post","status-publish","format-standard","has-post-thumbnail","hentry","category-destacadas"],"acf":[],"_links":{"self":[{"href":"https:\/\/vocesparalelas.com.ar\/sitio\/wp-json\/wp\/v2\/posts\/45964","targetHints":{"allow":["GET"]}}],"collection":[{"href":"https:\/\/vocesparalelas.com.ar\/sitio\/wp-json\/wp\/v2\/posts"}],"about":[{"href":"https:\/\/vocesparalelas.com.ar\/sitio\/wp-json\/wp\/v2\/types\/post"}],"author":[{"embeddable":true,"href":"https:\/\/vocesparalelas.com.ar\/sitio\/wp-json\/wp\/v2\/users\/3"}],"replies":[{"embeddable":true,"href":"https:\/\/vocesparalelas.com.ar\/sitio\/wp-json\/wp\/v2\/comments?post=45964"}],"version-history":[{"count":1,"href":"https:\/\/vocesparalelas.com.ar\/sitio\/wp-json\/wp\/v2\/posts\/45964\/revisions"}],"predecessor-version":[{"id":45969,"href":"https:\/\/vocesparalelas.com.ar\/sitio\/wp-json\/wp\/v2\/posts\/45964\/revisions\/45969"}],"wp:featuredmedia":[{"embeddable":true,"href":"https:\/\/vocesparalelas.com.ar\/sitio\/wp-json\/wp\/v2\/media\/45967"}],"wp:attachment":[{"href":"https:\/\/vocesparalelas.com.ar\/sitio\/wp-json\/wp\/v2\/media?parent=45964"}],"wp:term":[{"taxonomy":"category","embeddable":true,"href":"https:\/\/vocesparalelas.com.ar\/sitio\/wp-json\/wp\/v2\/categories?post=45964"},{"taxonomy":"post_tag","embeddable":true,"href":"https:\/\/vocesparalelas.com.ar\/sitio\/wp-json\/wp\/v2\/tags?post=45964"}],"curies":[{"name":"wp","href":"https:\/\/api.w.org\/{rel}","templated":true}]}}