{"id":45905,"date":"2022-02-02T21:36:14","date_gmt":"2022-02-03T00:36:14","guid":{"rendered":"https:\/\/vocesparalelas.com.ar\/sitio\/?p=45905"},"modified":"2022-02-03T00:37:31","modified_gmt":"2022-02-03T03:37:31","slug":"mas-fondos-para-fortalecer-la-seguridad-de-san-juan","status":"publish","type":"post","link":"https:\/\/vocesparalelas.com.ar\/sitio\/mas-fondos-para-fortalecer-la-seguridad-de-san-juan\/","title":{"rendered":"M\u00e1s fondos para fortalecer la seguridad de San Juan"},"content":{"rendered":"<p>El secretario de Estado de Seguridad y Orden P\u00fablico del Gobierno de San Juan, Dr. Carlos Munisaga, en Buenos Aires, se reuni\u00f3 con el ministro de Seguridad de la Naci\u00f3n, Dr. An\u00edbal Fern\u00e1ndez.<\/p>\n<p>En el primer encuentro presencial con la m\u00e1xima autoridad de la cartera de seguridad nacional,\u00a0se profundizaron los lineamientos trazados en conjunto para las estrategias de seguridad de San Juan.\u00a0Adem\u00e1s, se articul\u00f3 una agenda de trabajo conjunta con el objetivo de fortalecer las pol\u00edticas de seguridad en la provincia.<\/p>\n<p>Tras el encuentro, el Dr. Carlos Munisaga<strong>,<\/strong>\u00a0indic\u00f3 que se renov\u00f3 el compromiso por parte del Gobierno nacional para continuar fortaleciendo la seguridad en San Juan.<\/p>\n<p>En ese sentido, el secretario de Estado de Seguridad se\u00f1al\u00f3 que \u00abhemos acordado m\u00e1s inversi\u00f3n para el CISEM 911, con el objetivo de ampliar a\u00fan m\u00e1s nuestro sistema de videovigilancia y monitoreo\u201d.<\/p>\n<p>Al tiempo que en la reuni\u00f3n se plantearon estrategias para fortalecer el trabajo en conjunto con para brindar mejores y modernas herramientas para la especializaci\u00f3n de las investigaciones delictivas que permitan \u201cfortificar la tarea de inteligencia criminal\u201d.<\/p>\n<p>Por \u00faltimo, Munisaga detall\u00f3 que la cartera de seguridad nacional continuar\u00e1 apoyando los ejes estrat\u00e9gicos del plan de seguridad provincial \u201capuntalando la profesionalizaci\u00f3n y la capacitaci\u00f3n especializada de nuestras fuerzas de seguridad y la inversi\u00f3n en equipamiento\u201d.<\/p>\n<p>En la reuni\u00f3n estuvieron presentes adem\u00e1s las secretarias de Seguridad y Pol\u00edticas Criminales,\u00a0Mercedes La Gioiosa, y de Articulaci\u00f3n Federal,\u00a0Silvia La Ruffa.<\/p>\n","protected":false},"excerpt":{"rendered":"<p>El secretario de Estado de Seguridad y Orden P\u00fablico del Gobierno de San Juan, Dr. Carlos Munisaga, en Buenos Aires,<\/p>\n","protected":false},"author":3,"featured_media":45907,"comment_status":"closed","ping_status":"closed","sticky":false,"template":"","format":"standard","meta":{"_acf_changed":false,"_seopress_robots_primary_cat":"none","_seopress_titles_title":"","_seopress_titles_desc":"","_seopress_robots_index":"","colormag_page_container_layout":"default_layout","colormag_page_sidebar_layout":"default_layout","footnotes":""},"categories":[1],"tags":[],"class_list":["post-45905","post","type-post","status-publish","format-standard","has-post-thumbnail","hentry","category-destacadas"],"acf":[],"_links":{"self":[{"href":"https:\/\/vocesparalelas.com.ar\/sitio\/wp-json\/wp\/v2\/posts\/45905","targetHints":{"allow":["GET"]}}],"collection":[{"href":"https:\/\/vocesparalelas.com.ar\/sitio\/wp-json\/wp\/v2\/posts"}],"about":[{"href":"https:\/\/vocesparalelas.com.ar\/sitio\/wp-json\/wp\/v2\/types\/post"}],"author":[{"embeddable":true,"href":"https:\/\/vocesparalelas.com.ar\/sitio\/wp-json\/wp\/v2\/users\/3"}],"replies":[{"embeddable":true,"href":"https:\/\/vocesparalelas.com.ar\/sitio\/wp-json\/wp\/v2\/comments?post=45905"}],"version-history":[{"count":1,"href":"https:\/\/vocesparalelas.com.ar\/sitio\/wp-json\/wp\/v2\/posts\/45905\/revisions"}],"predecessor-version":[{"id":45908,"href":"https:\/\/vocesparalelas.com.ar\/sitio\/wp-json\/wp\/v2\/posts\/45905\/revisions\/45908"}],"wp:featuredmedia":[{"embeddable":true,"href":"https:\/\/vocesparalelas.com.ar\/sitio\/wp-json\/wp\/v2\/media\/45907"}],"wp:attachment":[{"href":"https:\/\/vocesparalelas.com.ar\/sitio\/wp-json\/wp\/v2\/media?parent=45905"}],"wp:term":[{"taxonomy":"category","embeddable":true,"href":"https:\/\/vocesparalelas.com.ar\/sitio\/wp-json\/wp\/v2\/categories?post=45905"},{"taxonomy":"post_tag","embeddable":true,"href":"https:\/\/vocesparalelas.com.ar\/sitio\/wp-json\/wp\/v2\/tags?post=45905"}],"curies":[{"name":"wp","href":"https:\/\/api.w.org\/{rel}","templated":true}]}}