{"id":45811,"date":"2022-01-29T11:50:19","date_gmt":"2022-01-29T14:50:19","guid":{"rendered":"https:\/\/vocesparalelas.com.ar\/sitio\/?p=45811"},"modified":"2022-02-01T21:55:02","modified_gmt":"2022-02-02T00:55:02","slug":"2do-festival-momusi-federal","status":"publish","type":"post","link":"https:\/\/vocesparalelas.com.ar\/sitio\/2do-festival-momusi-federal\/","title":{"rendered":"2do Festival MOMUSI Federal"},"content":{"rendered":"<p>MOMUSI, movimiento de M\u00fasica para ni\u00f1os y ni\u00f1as, presenta el \u201c2do Festival Momusi Federal\u201d, a realizarse todos los domingos de febrero 2022, a las 20 hs por el canal de youTube de MOMUSI.<\/p>\n<p>La programaci\u00f3n de este festival re\u00fane veinticinco (25) artistas, solistas y grupos musicales de todo el pa\u00eds dedicados a las infancias. Ser\u00e1n cuatro transmisiones v\u00eda streaming que se emitir\u00e1n por YouTube y redes sociales con acceso libre y gratuito. En cada fecha se presentan seis artistas o grupos, habr\u00e1 juegos, canciones y sorpresas para<br \/>\ntoda la familia.<\/p>\n<ul>\n<li>Cuando: desde el Domingo 06 de Febrero al domingo 27 de Febrero.<\/li>\n<li>Hora de los shows: 20 hs<\/li>\n<li>Disfruta de los shows y de muchas sorpresas en:<\/li>\n<li>YouTube: Momusi<\/li>\n<li>Por Facebook: \/momusiargentina<\/li>\n<li>Por IG: momusiargentina<\/li>\n<li>Segu\u00ed al Momusi en las Redes:<br \/>\n<a href=\"https:\/www.momusi.org\">https:\/www.momusi.org<\/a><br \/>\n<a href=\"info@momusi.org\">info@momusi.org<\/a><\/li>\n<\/ul>\n<p><strong><span style=\"color: #ff9900;\">Progrmaci\u00f3n<\/span><\/strong><\/p>\n<ul>\n<li><span style=\"color: #ff9900;\"><strong>DOMINGO, 6 DE FEBRERO:<\/strong> <\/span>PIDO GANCHO, sede Mar y Sierra, A PONCHO de San Juan &#8211; Regi\u00f3n Cuyo, AL TUN TUN de la sede AMBA, CIELO ARRIBA de la sede AMBA, LA CHICHARRA desde la Sede C\u00f3rdoba y La BANDA DE LAS CORBATAS tambi\u00e9n desde la sede AMBA.<\/li>\n<li><span style=\"color: #ff9900;\"><strong>DOMINGO, 13 DE FEBRERO:<\/strong><\/span> Desde la Patagonia, Sede MarMawiza llegan trayendo sus canciones CARITO CARO\u00c9, CANCIONES EN EL BOSQUE y MANOS A LA MURGA, se suman a esta fecha CANTARES DE COLORES desde la Sede AMBA, y GARBA desde la Sede C\u00f3rdoba.<\/li>\n<li><strong><span style=\"color: #ff9900;\">DOMINGO, 20 DE FEBRERO:<\/span><\/strong> Desde la sede AMBA, PALMITO Y LOS BUENOS PARAN\u00c1, LOS MUSIS DE PROFICA desde la sede Alto Valle, GRACIELA MENDOZA, de la sede Buenos Aires interior, 1 2 3 y SON, de la<br \/>\nsede Santa Fe, A DESENJAULAR EL JUEGO sede AMBA y MarMawiza y el grupo MURUMURUS de la sede C\u00f3rdoba.<\/li>\n<li><strong><span style=\"color: #ff9900;\">DOMINGO, 27 DE FEBRERO:<\/span> <\/strong>TRES TIGRES TEATRO desde la sede C\u00f3rdoba, PICHICULUNDIOS de la Sede AMBA, CHIMA CHIODI, sede Mar y Sierra, ABRIENDO RONDAS, sede C\u00f3rdoba, CASCACUERDAS , sede AMBA, PESCADO EN TR\u00c1NSITO, sede MarMawiza y PIU CANTANDO desde la sede Buenos<br \/>\nAires Interior<\/li>\n<\/ul>\n<p>El 2do Festival MOMUSI Federal fue seleccionado y cuenta con el apoyo del Ministerio de Cultura de la Naci\u00f3n mediante el Programa \u00abFestivales Aegentinos\u00bb.<\/p>\n<p><strong><span style=\"color: #ff9900;\">Sobre El Festival<\/span><\/strong><\/p>\n<p>2DO Festival MOMUSI Federal compartir\u00e1 propuestas art\u00edsticas musicales de calidad, destinadas a las ni\u00f1as, los ni\u00f1os y sus familias, mostrando la diversidad de estilos, timbres, paisajes y tem\u00e1ticas variadas de distintas regiones de nuestro pa\u00eds. Con una cuidada puesta en escena y pensando en fortalecer el intercambio les acercamos un festival donde los invitamos a ser parte y no solo espectadores.<\/p>\n<p><strong><span style=\"color: #ff9900;\">Sobre MOMUSI<\/span><\/strong><\/p>\n<p>MOMUSI es un espacio de encuentro de m\u00fasicos, compositores, autores, int\u00e9rpretes y docentes de Argentina dedicados a la creaci\u00f3n, transmisi\u00f3n y difusi\u00f3n de la m\u00fasica para ni\u00f1os y ni\u00f1as.<\/p>\n<p>Desde 1997 viene trabajando sostenidamente en la recuperaci\u00f3n de los sonidos, las voces, las canciones, los juegos y en la promoci\u00f3n e impulso de nuevas propuestas musicales a trav\u00e9s de la organizaci\u00f3n de ciclos, conciertos y espacios de formaci\u00f3n para docentes y m\u00fasicos.<\/p>\n<p>Lo tradicional, lo nuevo, lo creado y lo \u201cpor crear\u201d son objeto de nuestro inter\u00e9s y trabajo constante.<\/p>\n<p>&nbsp;<\/p>\n<p>&nbsp;<\/p>\n<p>&nbsp;<\/p>\n<p>&nbsp;<\/p>\n","protected":false},"excerpt":{"rendered":"<p>MOMUSI, movimiento de M\u00fasica para ni\u00f1os y ni\u00f1as, presenta el \u201c2do Festival Momusi Federal\u201d, a realizarse todos los domingos de<\/p>\n","protected":false},"author":3,"featured_media":45815,"comment_status":"closed","ping_status":"closed","sticky":false,"template":"","format":"standard","meta":{"_acf_changed":false,"_seopress_robots_primary_cat":"none","_seopress_titles_title":"","_seopress_titles_desc":"","_seopress_robots_index":"","colormag_page_container_layout":"default_layout","colormag_page_sidebar_layout":"default_layout","footnotes":""},"categories":[20],"tags":[],"class_list":["post-45811","post","type-post","status-publish","format-standard","has-post-thumbnail","hentry","category-cartelera"],"acf":[],"_links":{"self":[{"href":"https:\/\/vocesparalelas.com.ar\/sitio\/wp-json\/wp\/v2\/posts\/45811","targetHints":{"allow":["GET"]}}],"collection":[{"href":"https:\/\/vocesparalelas.com.ar\/sitio\/wp-json\/wp\/v2\/posts"}],"about":[{"href":"https:\/\/vocesparalelas.com.ar\/sitio\/wp-json\/wp\/v2\/types\/post"}],"author":[{"embeddable":true,"href":"https:\/\/vocesparalelas.com.ar\/sitio\/wp-json\/wp\/v2\/users\/3"}],"replies":[{"embeddable":true,"href":"https:\/\/vocesparalelas.com.ar\/sitio\/wp-json\/wp\/v2\/comments?post=45811"}],"version-history":[{"count":1,"href":"https:\/\/vocesparalelas.com.ar\/sitio\/wp-json\/wp\/v2\/posts\/45811\/revisions"}],"predecessor-version":[{"id":45814,"href":"https:\/\/vocesparalelas.com.ar\/sitio\/wp-json\/wp\/v2\/posts\/45811\/revisions\/45814"}],"wp:featuredmedia":[{"embeddable":true,"href":"https:\/\/vocesparalelas.com.ar\/sitio\/wp-json\/wp\/v2\/media\/45815"}],"wp:attachment":[{"href":"https:\/\/vocesparalelas.com.ar\/sitio\/wp-json\/wp\/v2\/media?parent=45811"}],"wp:term":[{"taxonomy":"category","embeddable":true,"href":"https:\/\/vocesparalelas.com.ar\/sitio\/wp-json\/wp\/v2\/categories?post=45811"},{"taxonomy":"post_tag","embeddable":true,"href":"https:\/\/vocesparalelas.com.ar\/sitio\/wp-json\/wp\/v2\/tags?post=45811"}],"curies":[{"name":"wp","href":"https:\/\/api.w.org\/{rel}","templated":true}]}}