{"id":45781,"date":"2022-01-27T21:12:27","date_gmt":"2022-01-28T00:12:27","guid":{"rendered":"https:\/\/vocesparalelas.com.ar\/sitio\/?p=45781"},"modified":"2022-01-29T20:48:29","modified_gmt":"2022-01-29T23:48:29","slug":"que-significa-ser-el-curador-de-la-2o-bienal-nacional-de-dibujo","status":"publish","type":"post","link":"https:\/\/vocesparalelas.com.ar\/sitio\/que-significa-ser-el-curador-de-la-2o-bienal-nacional-de-dibujo\/","title":{"rendered":"\u00bfQu\u00e9 significa ser el Curador de la 2\u00ba Bienal Nacional de Dibujo?"},"content":{"rendered":"<p>La\u00a02\u00b0 Bienal Nacional de Dibujo exposici\u00f3n protagonista del verano 2022 que se exhibe en el Museo Provincial de Bellas Artes \u00abFranklin Rawson\u00bb, en la provincia de San Juan.<\/p>\n<p>La vitalidad del dibujo en el \u00e1mbito nacional con sus diversas herramientas, formatos, t\u00e9cnicas y po\u00e9ticas tambi\u00e9n forman parte del patrimonio del Museo Franklin Rawson.<\/p>\n<p>De m\u00e1s de 500 proyectos presentados, resultaron elegidas 84 propuestas de artistas provenientes de San Juan, Buenos Aires, C\u00f3rdoba, Mendoza, Salta, Neuqu\u00e9n, Tucum\u00e1n, R\u00edo Negro, Santa Fe y Santa Cruz.<\/p>\n<p><img loading=\"lazy\" decoding=\"async\" class=\"alignnone size-large wp-image-45785\" src=\"https:\/\/vocesparalelas.com.ar\/sitio\/wp-content\/uploads\/2022\/01\/MPBAFR-DIBU-800x534.jpg\" alt=\"\" width=\"800\" height=\"534\" srcset=\"https:\/\/vocesparalelas.com.ar\/sitio\/wp-content\/uploads\/2022\/01\/MPBAFR-DIBU-800x534.jpg 800w, https:\/\/vocesparalelas.com.ar\/sitio\/wp-content\/uploads\/2022\/01\/MPBAFR-DIBU-300x200.jpg 300w, https:\/\/vocesparalelas.com.ar\/sitio\/wp-content\/uploads\/2022\/01\/MPBAFR-DIBU-768x512.jpg 768w, https:\/\/vocesparalelas.com.ar\/sitio\/wp-content\/uploads\/2022\/01\/MPBAFR-DIBU.jpg 1024w\" sizes=\"auto, (max-width: 800px) 100vw, 800px\" \/><\/p>\n<div class=\"itemFullText\">\n<p>La vitalidad del dibujo en el \u00e1mbito nacional con sus diversas herramientas, formatos, t\u00e9cnicas y po\u00e9ticas tambi\u00e9n forman parte del patrimonio del Museo Franklin Rawson.<\/p>\n<p>De m\u00e1s de 500 proyectos presentados, esultaron elegidas 84 propuestas de artistas provenientes de San Juan, Buenos Aires, C\u00f3rdoba, Mendoza, Salta, Neuqu\u00e9n, Tucum\u00e1n, R\u00edo Negro, Santa Fe y Santa Cruz.<\/p>\n<p>El Gran Premio Adquisici\u00f3n de $300 mil que otorg\u00f3 el MPBAFR a trav\u00e9s del Ministerio de Turismo y Cultura, fue para\u00a0Lucas Di Pascuale con su obra \u201cDe la serie de dos d\u00edas\u201d.\u00a0Adem\u00e1s, hubo tres menciones especiales para Jorge Sarsale con su obra Sin t\u00edtulo. De la serie encaje; Cecilia Rabbi Baldi con su \u201cEn esos claroscuros\u201d y Mar\u00eda Lucila Mari con \u201cLa Disputa\u201d.<\/p>\n<p>Por un lado, en la Sala 1, Sala 2 y Foyer se puede disfrutar la 2\u00ba Bienal Nacional de Dibujo cuyo Curador es Eduardo Stup\u00eda.<\/p>\n<p>Por ello, Voces Paralelas entrevist\u00f3 Curador Eduardo Stup\u00eda, quien explic\u00f3 lo que significa su tarea como el responsable de presentar las obras.<\/p>\n<p><iframe loading=\"lazy\" title=\"MPBAFR CURADOR EDUARDO STUP\u00cdA\" width=\"800\" height=\"450\" src=\"https:\/\/www.youtube.com\/embed\/XB8g540QpLg?feature=oembed\" frameborder=\"0\" allow=\"accelerometer; autoplay; clipboard-write; encrypted-media; gyroscope; picture-in-picture\" allowfullscreen><\/iframe><\/p>\n<p>&nbsp;<\/p>\n<p><span style=\"color: #339966;\"><strong>El dato<\/strong><\/span><\/p>\n<p>Para quienes quieran visitar el museo, pueden hacerlo de martes a domingo, de 12 a 21hs. Entrada general $100, jubilados y estudiantes $50, menores de 12 a\u00f1os gratis. Los d\u00edas domingo el ingreso es gratuito, mientras que las visitas guiadas se realizan a las 19 hs.<\/p>\n<\/div>\n","protected":false},"excerpt":{"rendered":"<p>La\u00a02\u00b0 Bienal Nacional de Dibujo exposici\u00f3n protagonista del verano 2022 que se exhibe en el Museo Provincial de Bellas Artes<\/p>\n","protected":false},"author":3,"featured_media":45783,"comment_status":"closed","ping_status":"closed","sticky":false,"template":"","format":"video","meta":{"_acf_changed":false,"_seopress_robots_primary_cat":"none","_seopress_titles_title":"","_seopress_titles_desc":"","_seopress_robots_index":"","colormag_page_container_layout":"default_layout","colormag_page_sidebar_layout":"default_layout","footnotes":""},"categories":[20,7],"tags":[],"class_list":["post-45781","post","type-post","status-publish","format-video","has-post-thumbnail","hentry","category-cartelera","category-videos","post_format-post-format-video"],"acf":[],"_links":{"self":[{"href":"https:\/\/vocesparalelas.com.ar\/sitio\/wp-json\/wp\/v2\/posts\/45781","targetHints":{"allow":["GET"]}}],"collection":[{"href":"https:\/\/vocesparalelas.com.ar\/sitio\/wp-json\/wp\/v2\/posts"}],"about":[{"href":"https:\/\/vocesparalelas.com.ar\/sitio\/wp-json\/wp\/v2\/types\/post"}],"author":[{"embeddable":true,"href":"https:\/\/vocesparalelas.com.ar\/sitio\/wp-json\/wp\/v2\/users\/3"}],"replies":[{"embeddable":true,"href":"https:\/\/vocesparalelas.com.ar\/sitio\/wp-json\/wp\/v2\/comments?post=45781"}],"version-history":[{"count":1,"href":"https:\/\/vocesparalelas.com.ar\/sitio\/wp-json\/wp\/v2\/posts\/45781\/revisions"}],"predecessor-version":[{"id":45786,"href":"https:\/\/vocesparalelas.com.ar\/sitio\/wp-json\/wp\/v2\/posts\/45781\/revisions\/45786"}],"wp:featuredmedia":[{"embeddable":true,"href":"https:\/\/vocesparalelas.com.ar\/sitio\/wp-json\/wp\/v2\/media\/45783"}],"wp:attachment":[{"href":"https:\/\/vocesparalelas.com.ar\/sitio\/wp-json\/wp\/v2\/media?parent=45781"}],"wp:term":[{"taxonomy":"category","embeddable":true,"href":"https:\/\/vocesparalelas.com.ar\/sitio\/wp-json\/wp\/v2\/categories?post=45781"},{"taxonomy":"post_tag","embeddable":true,"href":"https:\/\/vocesparalelas.com.ar\/sitio\/wp-json\/wp\/v2\/tags?post=45781"}],"curies":[{"name":"wp","href":"https:\/\/api.w.org\/{rel}","templated":true}]}}