{"id":45760,"date":"2022-01-27T13:34:56","date_gmt":"2022-01-27T16:34:56","guid":{"rendered":"https:\/\/vocesparalelas.com.ar\/sitio\/?p=45760"},"modified":"2022-01-29T00:06:46","modified_gmt":"2022-01-29T03:06:46","slug":"sueldos-de-enero-2022-para-el-personal-de-la-unsj","status":"publish","type":"post","link":"https:\/\/vocesparalelas.com.ar\/sitio\/sueldos-de-enero-2022-para-el-personal-de-la-unsj\/","title":{"rendered":"Sueldos de Enero 2022 para el personal de la UNSJ"},"content":{"rendered":"<p>La Secretar\u00eda Administrativo Financiera de la UNSJ informa que el Viernes, 28 de Enero se efectiviza la acreditaci\u00f3n de fondos al Banco Naci\u00f3n correspondiente a los sueldos del mes de Enero de los agentes universitarios.<\/p>\n","protected":false},"excerpt":{"rendered":"<p>La Secretar\u00eda Administrativo Financiera de la UNSJ informa que el Viernes, 28 de Enero se efectiviza la acreditaci\u00f3n de fondos<\/p>\n","protected":false},"author":3,"featured_media":37900,"comment_status":"closed","ping_status":"closed","sticky":false,"template":"","format":"standard","meta":{"_acf_changed":false,"_seopress_robots_primary_cat":"none","_seopress_titles_title":"","_seopress_titles_desc":"","_seopress_robots_index":"","colormag_page_container_layout":"default_layout","colormag_page_sidebar_layout":"default_layout","footnotes":""},"categories":[6],"tags":[],"class_list":["post-45760","post","type-post","status-publish","format-standard","has-post-thumbnail","hentry","category-eventos"],"acf":[],"_links":{"self":[{"href":"https:\/\/vocesparalelas.com.ar\/sitio\/wp-json\/wp\/v2\/posts\/45760","targetHints":{"allow":["GET"]}}],"collection":[{"href":"https:\/\/vocesparalelas.com.ar\/sitio\/wp-json\/wp\/v2\/posts"}],"about":[{"href":"https:\/\/vocesparalelas.com.ar\/sitio\/wp-json\/wp\/v2\/types\/post"}],"author":[{"embeddable":true,"href":"https:\/\/vocesparalelas.com.ar\/sitio\/wp-json\/wp\/v2\/users\/3"}],"replies":[{"embeddable":true,"href":"https:\/\/vocesparalelas.com.ar\/sitio\/wp-json\/wp\/v2\/comments?post=45760"}],"version-history":[{"count":1,"href":"https:\/\/vocesparalelas.com.ar\/sitio\/wp-json\/wp\/v2\/posts\/45760\/revisions"}],"predecessor-version":[{"id":45762,"href":"https:\/\/vocesparalelas.com.ar\/sitio\/wp-json\/wp\/v2\/posts\/45760\/revisions\/45762"}],"wp:featuredmedia":[{"embeddable":true,"href":"https:\/\/vocesparalelas.com.ar\/sitio\/wp-json\/wp\/v2\/media\/37900"}],"wp:attachment":[{"href":"https:\/\/vocesparalelas.com.ar\/sitio\/wp-json\/wp\/v2\/media?parent=45760"}],"wp:term":[{"taxonomy":"category","embeddable":true,"href":"https:\/\/vocesparalelas.com.ar\/sitio\/wp-json\/wp\/v2\/categories?post=45760"},{"taxonomy":"post_tag","embeddable":true,"href":"https:\/\/vocesparalelas.com.ar\/sitio\/wp-json\/wp\/v2\/tags?post=45760"}],"curies":[{"name":"wp","href":"https:\/\/api.w.org\/{rel}","templated":true}]}}