{"id":45752,"date":"2022-01-26T20:45:17","date_gmt":"2022-01-26T23:45:17","guid":{"rendered":"https:\/\/vocesparalelas.com.ar\/sitio\/?p=45752"},"modified":"2022-01-27T22:47:55","modified_gmt":"2022-01-28T01:47:55","slug":"conciertos-de-verano-en-el-anfiteatro-buenaventura-luna-del-auditorio","status":"publish","type":"post","link":"https:\/\/vocesparalelas.com.ar\/sitio\/conciertos-de-verano-en-el-anfiteatro-buenaventura-luna-del-auditorio\/","title":{"rendered":"\u201cConciertos de Verano\u201d en el Anfiteatro Buenaventura Luna del Auditorio"},"content":{"rendered":"<p>El\u00a0Auditorio Juan Victoria\u00a0a trav\u00e9s del\u00a0Ministerio de Turismo y Cultura\u00a0del Gobierno de San Juan invita a vivir las vacaciones con una programaci\u00f3n musical para todos los gustos.<\/p>\n<p>Esto, en el marco de los \u201cConciertos de Verano\u201d<strong>,<\/strong> se presentan show de diferentes g\u00e9neros en el Anfiteatro Buenaventura Luna del Auditorio.<\/p>\n<p>La propuesta es todos los Viernes y S\u00e1bados, de Enero y Febrero. La cita es desde las 21:30, con entrada libre y gratuita, respetando todas las medidas sanitarias.<\/p>\n<p>El Viernes, 28 de Enero comienza con \u201cSan Juan Celebra La Cuyan\u00eda\u00bb Primer Recital, suben al escenario los artistas Ariel Castro, Yanina Carrizo, Nano Rodr\u00edguez y el ballet Nuevo Arte a cargo de Carlos Illanes y Cecilia Soler.<\/p>\n<p>Celebrar la Cuyan\u00eda tiene como objetivo un espacio de difusi\u00f3n de la m\u00fasica, los cantautores y la danza, de nuestra identidad cuyana. La primera edici\u00f3n del festival se realiz\u00f3 en noviembre del 2021 con una gran convocatoria y este a\u00f1o est\u00e1 programada una segunda edici\u00f3n para el mismo mes.<\/p>\n<p>En este marco, realizar\u00e1n una serie de recitales, durante todo el a\u00f1o, que son la antesala del festival. As\u00ed, el 18 de febrero, est\u00e1 programada otra presentaci\u00f3n esta vez con los Hermanos Barrios, Jonathan Vera Tr\u00edo y el D\u00fao D\u00edaz Heredia.<\/p>\n<p><span style=\"color: #339966;\"><strong>Grilla de recitales<\/strong><\/span><\/p>\n<p>Adem\u00e1s, los amantes de la m\u00fasica pueden disfrutar de boleros, tangos, folklore tradicional y m\u00fasica tropical en \u201cNoche de Brujas\u201d, este 29 de Enero a partir de las 21.30. Patricia Vizcaino, Adriana Miranda, Mari\u00fa Fern\u00e1ndez, Yanina Rojo y Silvana Poblete son las cantantes que deleitar\u00e1n al p\u00fablico.<\/p>\n<p>Durante Febrero, los \u201cConciertos de Verano\u201d contin\u00faa con presentaciones de m\u00fasica latinoamericana, cl\u00e1sicos del recuerdo, tango, jazz, rock, flamenco, folklore. Siempre con entrada libre y gratuita.<\/p>\n<p><strong><span style=\"color: #339966;\">4 de Febrero: Evocaci\u00f3n<\/span><\/strong><\/p>\n<p>Homenaje a la M\u00fasica del Recuerdo, Sandro, Palito Ortega, Los \u00c1ngeles Negros y Los Iracundos. Director: Ricardo Greguar.<\/p>\n<p><strong><span style=\"color: #339966;\">5 de Febrero: Latinoam\u00e9rica en la piel<\/span><\/strong><\/p>\n<ul>\n<li>Son En Fa<\/li>\n<li>Ra\u00fal Rizo<\/li>\n<\/ul>\n<p><strong><span style=\"color: #339966;\">11 de Febrero: En el nombre del tango<\/span><\/strong><\/p>\n<ul>\n<li>Ricardo Bazetti<\/li>\n<li>Claudio Rojas<\/li>\n<li>Las Musas Milongueras<\/li>\n<li>Compa\u00f1\u00eda de Tango Recuerdo Pasional<\/li>\n<\/ul>\n<p><strong><span style=\"color: #339966;\">12 de Febrero: Voces (Mujeres Sanjuaninas)<\/span><\/strong><\/p>\n<ul>\n<li>Carlota de Bebustegui<\/li>\n<li>Marisa Gil<\/li>\n<li>Paola Hascher<\/li>\n<\/ul>\n<p><strong><span style=\"color: #339966;\">13 de Febrero: Tardes de rock<\/span><\/strong><\/p>\n<ul>\n<li>Grupo Vainilla<\/li>\n<li>Limbo<\/li>\n<li>Juana Sonora<\/li>\n<\/ul>\n<p><strong><span style=\"color: #339966;\">18 de Febrero: Cuyan\u00eda 2\u00b0 recital<\/span><\/strong><\/p>\n<ul>\n<li>Hermanos Barrios<\/li>\n<li>Jonathan Vera Tr\u00edo<\/li>\n<li>D\u00fao D\u00edaz Heredia<\/li>\n<\/ul>\n<p><strong><span style=\"color: #339966;\">19 de Febrero: Jazz Tango Fusi\u00f3n<\/span><\/strong><\/p>\n<ul>\n<li>Tito Oliva Tr\u00edo<\/li>\n<li>Abel Herrera Jazz Band<\/li>\n<\/ul>\n<p><strong><span style=\"color: #339966;\">25 de Febrero: Noche de humor<\/span><\/strong><\/p>\n<ul>\n<li>Orlando Balmaceda<\/li>\n<li>Miguel Delgado<\/li>\n<\/ul>\n<p><strong><span style=\"color: #339966;\">26 de Febrero: M\u00fasica del recuerdo<\/span><\/strong><\/p>\n<ul>\n<li>\u201cLos Iracundos por Siempre\u201d<\/li>\n<\/ul>\n","protected":false},"excerpt":{"rendered":"<p>El\u00a0Auditorio Juan Victoria\u00a0a trav\u00e9s del\u00a0Ministerio de Turismo y Cultura\u00a0del Gobierno de San Juan invita a vivir las vacaciones con una<\/p>\n","protected":false},"author":3,"featured_media":45756,"comment_status":"closed","ping_status":"closed","sticky":false,"template":"","format":"standard","meta":{"_acf_changed":false,"_seopress_robots_primary_cat":"none","_seopress_titles_title":"","_seopress_titles_desc":"","_seopress_robots_index":"","colormag_page_container_layout":"default_layout","colormag_page_sidebar_layout":"default_layout","footnotes":""},"categories":[20],"tags":[],"class_list":["post-45752","post","type-post","status-publish","format-standard","has-post-thumbnail","hentry","category-cartelera"],"acf":[],"_links":{"self":[{"href":"https:\/\/vocesparalelas.com.ar\/sitio\/wp-json\/wp\/v2\/posts\/45752","targetHints":{"allow":["GET"]}}],"collection":[{"href":"https:\/\/vocesparalelas.com.ar\/sitio\/wp-json\/wp\/v2\/posts"}],"about":[{"href":"https:\/\/vocesparalelas.com.ar\/sitio\/wp-json\/wp\/v2\/types\/post"}],"author":[{"embeddable":true,"href":"https:\/\/vocesparalelas.com.ar\/sitio\/wp-json\/wp\/v2\/users\/3"}],"replies":[{"embeddable":true,"href":"https:\/\/vocesparalelas.com.ar\/sitio\/wp-json\/wp\/v2\/comments?post=45752"}],"version-history":[{"count":1,"href":"https:\/\/vocesparalelas.com.ar\/sitio\/wp-json\/wp\/v2\/posts\/45752\/revisions"}],"predecessor-version":[{"id":45755,"href":"https:\/\/vocesparalelas.com.ar\/sitio\/wp-json\/wp\/v2\/posts\/45752\/revisions\/45755"}],"wp:featuredmedia":[{"embeddable":true,"href":"https:\/\/vocesparalelas.com.ar\/sitio\/wp-json\/wp\/v2\/media\/45756"}],"wp:attachment":[{"href":"https:\/\/vocesparalelas.com.ar\/sitio\/wp-json\/wp\/v2\/media?parent=45752"}],"wp:term":[{"taxonomy":"category","embeddable":true,"href":"https:\/\/vocesparalelas.com.ar\/sitio\/wp-json\/wp\/v2\/categories?post=45752"},{"taxonomy":"post_tag","embeddable":true,"href":"https:\/\/vocesparalelas.com.ar\/sitio\/wp-json\/wp\/v2\/tags?post=45752"}],"curies":[{"name":"wp","href":"https:\/\/api.w.org\/{rel}","templated":true}]}}