{"id":45658,"date":"2022-01-21T20:51:11","date_gmt":"2022-01-21T23:51:11","guid":{"rendered":"https:\/\/vocesparalelas.com.ar\/sitio\/?p=45658"},"modified":"2022-01-26T00:07:05","modified_gmt":"2022-01-26T03:07:05","slug":"se-suspende-la-atencion-vespertina-en-el-instituto-odontologico-san-juan","status":"publish","type":"post","link":"https:\/\/vocesparalelas.com.ar\/sitio\/se-suspende-la-atencion-vespertina-en-el-instituto-odontologico-san-juan\/","title":{"rendered":"Se suspende la atenci\u00f3n vespertina en el Instituto Odontol\u00f3gico San Juan"},"content":{"rendered":"<p>El Departamento de Odontolog\u00eda, dependiente del Ministerio de Salud P\u00fablica del Gobierno de San Juan informa a la poblaci\u00f3n que se suspende, moment\u00e1neamente, la atenci\u00f3n vespertina en el Instituto Odontol\u00f3gico. S\u00f3lo se atienden los turnos programados de 08.00 a 13.00hs.<\/p>\n<p>La medida obedece a que el personal asignado para el turno tarde fue destinado a otras tareas en los distintos centros de hisopados de la provincia.<\/p>\n<p>Los turnos otorgados para la vigilancia vespertina se reprograman posteriormente.<\/p>\n<p>Se informa tambi\u00e9n que esta medida alcanza, en principio, hasta el 31 de Enero.<\/p>\n","protected":false},"excerpt":{"rendered":"<p>El Departamento de Odontolog\u00eda, dependiente del Ministerio de Salud P\u00fablica del Gobierno de San Juan informa a la poblaci\u00f3n que<\/p>\n","protected":false},"author":3,"featured_media":30769,"comment_status":"closed","ping_status":"closed","sticky":false,"template":"","format":"standard","meta":{"_acf_changed":false,"_seopress_robots_primary_cat":"none","_seopress_titles_title":"","_seopress_titles_desc":"","_seopress_robots_index":"","colormag_page_container_layout":"default_layout","colormag_page_sidebar_layout":"default_layout","footnotes":""},"categories":[6],"tags":[],"class_list":["post-45658","post","type-post","status-publish","format-standard","has-post-thumbnail","hentry","category-eventos"],"acf":[],"_links":{"self":[{"href":"https:\/\/vocesparalelas.com.ar\/sitio\/wp-json\/wp\/v2\/posts\/45658","targetHints":{"allow":["GET"]}}],"collection":[{"href":"https:\/\/vocesparalelas.com.ar\/sitio\/wp-json\/wp\/v2\/posts"}],"about":[{"href":"https:\/\/vocesparalelas.com.ar\/sitio\/wp-json\/wp\/v2\/types\/post"}],"author":[{"embeddable":true,"href":"https:\/\/vocesparalelas.com.ar\/sitio\/wp-json\/wp\/v2\/users\/3"}],"replies":[{"embeddable":true,"href":"https:\/\/vocesparalelas.com.ar\/sitio\/wp-json\/wp\/v2\/comments?post=45658"}],"version-history":[{"count":1,"href":"https:\/\/vocesparalelas.com.ar\/sitio\/wp-json\/wp\/v2\/posts\/45658\/revisions"}],"predecessor-version":[{"id":45660,"href":"https:\/\/vocesparalelas.com.ar\/sitio\/wp-json\/wp\/v2\/posts\/45658\/revisions\/45660"}],"wp:featuredmedia":[{"embeddable":true,"href":"https:\/\/vocesparalelas.com.ar\/sitio\/wp-json\/wp\/v2\/media\/30769"}],"wp:attachment":[{"href":"https:\/\/vocesparalelas.com.ar\/sitio\/wp-json\/wp\/v2\/media?parent=45658"}],"wp:term":[{"taxonomy":"category","embeddable":true,"href":"https:\/\/vocesparalelas.com.ar\/sitio\/wp-json\/wp\/v2\/categories?post=45658"},{"taxonomy":"post_tag","embeddable":true,"href":"https:\/\/vocesparalelas.com.ar\/sitio\/wp-json\/wp\/v2\/tags?post=45658"}],"curies":[{"name":"wp","href":"https:\/\/api.w.org\/{rel}","templated":true}]}}