{"id":45607,"date":"2022-01-19T21:59:10","date_gmt":"2022-01-20T00:59:10","guid":{"rendered":"https:\/\/vocesparalelas.com.ar\/sitio\/?p=45607"},"modified":"2022-01-19T22:55:33","modified_gmt":"2022-01-20T01:55:33","slug":"revolucion-basquet-san-juan-estara-en-la-nueva-liga-federal-de-basquet","status":"publish","type":"post","link":"https:\/\/vocesparalelas.com.ar\/sitio\/revolucion-basquet-san-juan-estara-en-la-nueva-liga-federal-de-basquet\/","title":{"rendered":"Revoluci\u00f3n B\u00e1squet San Juan estar\u00e1 en la nueva Liga Federal de B\u00e1squet"},"content":{"rendered":"<p>Durante 2022 el b\u00e1squet de la Provincia de San Juan tendr\u00e1 una vez m\u00e1s un representante en el torneo m\u00e1s integrador de la CABB. Se trata de la nueva Liga Federal donde competir\u00e1n 20 Federaciones de Argentina y habr\u00e1 102 equipos de cada rinc\u00f3n del mapa nacional.<\/p>\n<p>San Juan tiene renovadas esperanzas y nuevas formas de trabajo, no solo dentro del campo de juego. Esta temporada desde la Federaci\u00f3n de B\u00e1squet de San Juan, se opt\u00f3 por implementar un equipo de gesti\u00f3n deportiva donde se trabajan distintas \u00e1reas para acompa\u00f1ar el trabajo de dirigentes y jugadores. Siempre con el acompa\u00f1amiento del Gobierno de San Juan y el inestimable apoyo de las Secretaria de Estado de Deportes bajo la conducci\u00f3n de Jorge Chica y todo sus equipos t\u00e9cnicos.<\/p>\n<p>A partir del 10 de Enero Revoluci\u00f3n Basquet San Juan trabaja bajo las \u00f3rdenes del equipo t\u00e9cnico, Sergio Caba\u00f1as como entrenador junto a Juan Pablo Olivares y la preparaci\u00f3n f\u00edsica de Diego Romera.<\/p>\n<p>El equipo de gesti\u00f3n deportiva coordinado por Fernando Llarena como Manager y Manuel Garc\u00eda como Gerente Deportivo, en la dirigencia deportiva participan personas vinculadas con las tres instituciones que participan de la Fusi\u00f3n: el club Urquiza, la UNSJ y Ausonia.<\/p>\n<p>El plantel est\u00e1 integrado por jugadores locales, salvo uno que lleg\u00f3 desde Rafaela, Santa Fe y por un importe n\u00famero de Juveniles, que encontrar\u00e1n su desarrollo deportivo luego de las excelentes actuaciones en los \u00faltimos juegos Binacionales de la Integraci\u00f3n Andina.<\/p>\n<p>Este ser\u00e1 el equipo de trabajo que tendr\u00e1 la tarea de defender la casaca de la nueva Revoluci\u00f3n Basquet San Juan, el Gigante de Cuyo.<\/p>\n<div><span style=\"color: #339966;\"><strong>Plantel Revoluci\u00f3n San Juan Basquet 2022<\/strong><\/span><\/div>\n<ul>\n<li>Hugo Daniel Castro \u00a0Categor\u00eda Primera Ausonia Jachal<\/li>\n<li>Ivan Santiago Mart\u00ecn Categor\u00eda Primera Urquiza<\/li>\n<li>Facundo Antonio Chiabotto Categor\u00eda Primera San Rafael<\/li>\n<li>Emanuel Franco Uzair Categor\u00eda Primera Urquiza<\/li>\n<li>Juan Luis Romero Categor\u00eda Primera Jachal<\/li>\n<li>Mat\u00edas Nicolas Lucero \u00a0categor\u00eda sub 21 Liga de Mendoza<\/li>\n<li>Valent\u00edn Tob\u00edas Guida categor\u00eda sub21 Urquiza Anzorena<\/li>\n<li>Facundo David Bustos categor\u00eda sub21 Urquiza<\/li>\n<li>Juan Manuel Rodr\u00edguez UNSJ, Independiente, Jachal, General San Martin, Rivadavia, San Juan Basquet.<\/li>\n<li>Francisco Rojo UNSJ<\/li>\n<li>Emanuel Caba\u00f1as Urquiza<\/li>\n<li>\u00c1ngel David Olgu\u00edn UNSJ<\/li>\n<li>Jes\u00fas Alexis Mu\u00f1oz Urquiza<\/li>\n<li>Entrenador: Sergio Caba\u00f1as<\/li>\n<li>Ayudante Juan Pablo Olivares<\/li>\n<li>Preparador f\u00edsico Diego Romera<\/li>\n<\/ul>\n<p>&nbsp;<\/p>\n<p>&nbsp;<\/p>\n<p>&nbsp;<\/p>\n","protected":false},"excerpt":{"rendered":"<p>Durante 2022 el b\u00e1squet de la Provincia de San Juan tendr\u00e1 una vez m\u00e1s un representante en el torneo m\u00e1s<\/p>\n","protected":false},"author":3,"featured_media":45609,"comment_status":"closed","ping_status":"closed","sticky":false,"template":"","format":"standard","meta":{"_acf_changed":false,"_seopress_robots_primary_cat":"none","_seopress_titles_title":"","_seopress_titles_desc":"","_seopress_robots_index":"","colormag_page_container_layout":"default_layout","colormag_page_sidebar_layout":"default_layout","footnotes":""},"categories":[1],"tags":[],"class_list":["post-45607","post","type-post","status-publish","format-standard","has-post-thumbnail","hentry","category-destacadas"],"acf":[],"_links":{"self":[{"href":"https:\/\/vocesparalelas.com.ar\/sitio\/wp-json\/wp\/v2\/posts\/45607","targetHints":{"allow":["GET"]}}],"collection":[{"href":"https:\/\/vocesparalelas.com.ar\/sitio\/wp-json\/wp\/v2\/posts"}],"about":[{"href":"https:\/\/vocesparalelas.com.ar\/sitio\/wp-json\/wp\/v2\/types\/post"}],"author":[{"embeddable":true,"href":"https:\/\/vocesparalelas.com.ar\/sitio\/wp-json\/wp\/v2\/users\/3"}],"replies":[{"embeddable":true,"href":"https:\/\/vocesparalelas.com.ar\/sitio\/wp-json\/wp\/v2\/comments?post=45607"}],"version-history":[{"count":3,"href":"https:\/\/vocesparalelas.com.ar\/sitio\/wp-json\/wp\/v2\/posts\/45607\/revisions"}],"predecessor-version":[{"id":45614,"href":"https:\/\/vocesparalelas.com.ar\/sitio\/wp-json\/wp\/v2\/posts\/45607\/revisions\/45614"}],"wp:featuredmedia":[{"embeddable":true,"href":"https:\/\/vocesparalelas.com.ar\/sitio\/wp-json\/wp\/v2\/media\/45609"}],"wp:attachment":[{"href":"https:\/\/vocesparalelas.com.ar\/sitio\/wp-json\/wp\/v2\/media?parent=45607"}],"wp:term":[{"taxonomy":"category","embeddable":true,"href":"https:\/\/vocesparalelas.com.ar\/sitio\/wp-json\/wp\/v2\/categories?post=45607"},{"taxonomy":"post_tag","embeddable":true,"href":"https:\/\/vocesparalelas.com.ar\/sitio\/wp-json\/wp\/v2\/tags?post=45607"}],"curies":[{"name":"wp","href":"https:\/\/api.w.org\/{rel}","templated":true}]}}