{"id":45597,"date":"2022-01-19T18:48:05","date_gmt":"2022-01-19T21:48:05","guid":{"rendered":"https:\/\/vocesparalelas.com.ar\/sitio\/?p=45597"},"modified":"2022-01-20T23:39:29","modified_gmt":"2022-01-21T02:39:29","slug":"el-gral-manuel-baquedano-el-militar-chileno-que-los-manifestantes-no-quieren-de-vuelta-en-la-plaza-de-la-dignidad","status":"publish","type":"post","link":"https:\/\/vocesparalelas.com.ar\/sitio\/el-gral-manuel-baquedano-el-militar-chileno-que-los-manifestantes-no-quieren-de-vuelta-en-la-plaza-de-la-dignidad\/","title":{"rendered":"El Gral. Manuel Baquedano, el militar chileno que los manifestantes no quieren de vuelta en la Plaza de la Dignidad"},"content":{"rendered":"<p>\u00bfH\u00e9roe o villano? \u00bf ambos al mismo tiempo \u00f3 simple excusa de la contingencia nacional?. La escultura del general chileno Manuel Baquedano ha sido removida para ser restaurada luego de haber sido vandalizada durante meses de movilizaciones sociales. Hay quienes piden que no la vuelvan a colocar en la rebautizada Plaza de la Dignidad.<\/p>\n<p>Por el\u00a0Lic. Prof. Fernando A. Ocampo Bravo<\/p>\n<p>Desde el estallido social en Chile, en octubre del 2019, una plaza se ha convertido en el principal foco de concentraci\u00f3n para los indignados manifestantes. La Plaza Italia, o rebautizada como Plaza de la Dignidad, ha sido el punto de encuentro de las diversas marchas, celebraciones deportivas, cambio del barrio alto al centro de Santiago, bloqueos de tr\u00e1nsito y enfrentamientos con las fuerzas policiales. Desde hace casi 100 a\u00f1os, adem\u00e1s, dicha plaza alberga la estatua de un personaje militar chileno. Y ambos, como han demostrado las vandalizaciones del monumento, no pueden coexistir en el mismo espacio.<\/p>\n<p>La Plaza Baquedano, conocida popularmente como Plaza Italia y denominada por algunos sectores como Plaza de la Dignidad,\u200b est\u00e1 ubicada en la comuna de Providencia, en la uni\u00f3n con la de Santiago por el poniente y Recoleta por el norponiente en la ciudad chilena de Santiago.<\/p>\n<p>Recibe su nombre por el monumento al General Baquedano del escultor Chileno, Virginio Arias, inaugurado en 1928, en honor del principal l\u00edder chileno durante la Guerra del Pac\u00edfico (1879-1884).\u200b Es asociada con el general Baquedano ya que, tras el fin del conflicto b\u00e9lico, el militar \u2014quien resid\u00eda cerca\u2014 pasaba seguido por el lugar en su caballo hacia los mercados del barrio La Chimba para compartir con \u201clos rotos\u201d, (personas con las que triunf\u00f3 en las batallas en los desiertos).\u200b<\/p>\n<p>A nivel urbano, desde sus or\u00edgenes ha sido un importante punto de convergencia vial, ferroviaria y social. La rotonda se encuentra en el origen de Avenida Providencia, a pasos de la Avenida Libertador General Bernardo O&#8217;Higgins \u2014la principal de la ciudad &#8211;\u00a0de la que es continuidad, y cerca de los accesos a las avenidas Vicu\u00f1a Mackenna y Andr\u00e9s Bello, as\u00ed como a la Autopista Costanera Norte. En su entorno est\u00e1 el r\u00edo Mapocho por el norte, el Parque Balmaceda por el este, los edificios Turri al sur, el Parque Forestal al oeste y la estaci\u00f3n Baquedano del Metro de Santiago abajo.<\/p>\n<p>Debido a su ubicaci\u00f3n estrat\u00e9gica dentro de la ciudad, suele representar una frontera de las caracter\u00edsticas socioecon\u00f3micas entre el \u00abSantiago oriente\u00bb y el \u00abSantiago centro-poniente\u00bb, siendo tambi\u00e9n un n\u00facleo de celebraci\u00f3n de logros y de manifestaciones a nivel nacional.<\/p>\n<p>Desde el 12 de marzo de 2021, el monumento al general Manuel Baquedano no se encuentra en su lugar habitual, ya que est\u00e1 en proceso de restauraci\u00f3n tras sufrir una serie de actos de vandalismo.<\/p>\n<p><img loading=\"lazy\" decoding=\"async\" class=\"alignnone size-large wp-image-45600\" src=\"https:\/\/vocesparalelas.com.ar\/sitio\/wp-content\/uploads\/2022\/01\/Baquedano-01-800x534.jpg\" alt=\"\" width=\"800\" height=\"534\" srcset=\"https:\/\/vocesparalelas.com.ar\/sitio\/wp-content\/uploads\/2022\/01\/Baquedano-01-800x534.jpg 800w, https:\/\/vocesparalelas.com.ar\/sitio\/wp-content\/uploads\/2022\/01\/Baquedano-01-300x200.jpg 300w, https:\/\/vocesparalelas.com.ar\/sitio\/wp-content\/uploads\/2022\/01\/Baquedano-01-768x512.jpg 768w, https:\/\/vocesparalelas.com.ar\/sitio\/wp-content\/uploads\/2022\/01\/Baquedano-01.jpg 1024w\" sizes=\"auto, (max-width: 800px) 100vw, 800px\" \/><\/p>\n<p><strong><u>\u00bfQui\u00e9n fue el General Baquedano?<\/u><\/strong><\/p>\n<p>Manuel Jes\u00fas Baquedano Gonz\u00e1lez (Santiago, 1 de enero de 1823-ib\u00eddem, 30 de septiembre de 1897) fue un militar y pol\u00edtico chileno.<\/p>\n<p>Como militar, permaneci\u00f3 en el Ej\u00e9rcito de Chile entre 1838 y 1881, cuando se retir\u00f3 con el rango de general de divisi\u00f3n; en dicho periodo, intervino en las guerras contra la Confederaci\u00f3n Per\u00fa-Boliviana (1836-1839) y del Pac\u00edfico (1879-1884), donde ejerci\u00f3 el cargo de comandante en jefe del Ej\u00e9rcito en campa\u00f1a entre 1880 y 1881; en las revoluciones de 1851 y de 1859, y en la Ocupaci\u00f3n de la Araucan\u00eda (1861-1883).<\/p>\n<p>Como pol\u00edtico, desempe\u00f1\u00f3 la funci\u00f3n de presidente provisional de su pa\u00eds en agosto de 1891, durante la guerra civil de dicho a\u00f1o,3\u200b el cargo de senador por Santiago (1882-1888) y por Colchagua (1888-1894), y fue miembro de la Comisi\u00f3n permanente de guerra y marina.1\u200b Durante sus \u00faltimos a\u00f1os, se ocup\u00f3 de reorganizar el ej\u00e9rcito chileno e impulsar la formaci\u00f3n de la Academia de Guerra y del Estado Mayor.<\/p>\n<p>El llamado \u201cGeneral Invicto \u2013 Manuel Baquedano\u201d, integr\u00f3 extensos y valiosos territorios del norte, que hoy son muy importantes para Chile, para su econom\u00eda, geograf\u00eda y geopol\u00edticamente hablando, tambi\u00e9n.<\/p>\n<p>En Chile ha sido conmemorado de diversas maneras: unidades de la Armada chilena y estatuas, entre otros, llevan su nombre.<\/p>\n<p><strong><u>Los proyectos de remodelaci\u00f3n de la zona<\/u><\/strong><\/p>\n<p>Desde los a\u00f1os 80 el monumento de Baquedano empez\u00f3 a ser un punto de referencia para los taxistas de Santiago, quienes cobraban m\u00e1s de Plaza Italia hacia arriba y menos de Plaza Italia hacia abajo, lo cual marcaba una l\u00ednea imaginaria que divid\u00eda a la capital entre ricos y pobres.<\/p>\n<p>Cuarenta a\u00f1os despu\u00e9s esta divisi\u00f3n sigue vigente y tras la pol\u00e9mica de la estatua se abri\u00f3 la discusi\u00f3n sobre qu\u00e9 debe suceder en esta zona, que pas\u00f3 de ser el escenario para celebrar los triunfos deportivos de Chile a albergar una marcha de 2 millones de personas y convertirse en un foco de enfrentamientos entre manifestantes y carabineros.<\/p>\n<p>\u201cLo que se deber\u00eda venir ahora es la discusi\u00f3n de fondo sobre el lugar m\u00e1s que la discusi\u00f3n cosm\u00e9tica del monumento. Uno de los temas es el proyecto Alameda &#8211; Providencia, que pretende mejorar el est\u00e1ndar de esas calles como el gran eje de la ciudad\u201d, se\u00f1ala el urbanista Roberto Moris.<\/p>\n<p>Seg\u00fan el m\u00e1s reciente sondeo CADEM, el 49% de los encuestados cree que la estatua del general Manuel Baquedano debe volver a Plaza Italia, algo a lo que se opone el 51%. Sin embargo, a\u00fan no se define qu\u00e9 pasar\u00e1 con esta zona que antes de las protestas de 2019 era una de las m\u00e1s tur\u00edsticas de Santiago.<\/p>\n<p>&nbsp;<\/p>\n","protected":false},"excerpt":{"rendered":"<p>\u00bfH\u00e9roe o villano? \u00bf ambos al mismo tiempo \u00f3 simple excusa de la contingencia nacional?. La escultura del general chileno<\/p>\n","protected":false},"author":3,"featured_media":45599,"comment_status":"closed","ping_status":"closed","sticky":false,"template":"","format":"standard","meta":{"_acf_changed":false,"_seopress_robots_primary_cat":"none","_seopress_titles_title":"","_seopress_titles_desc":"","_seopress_robots_index":"","colormag_page_container_layout":"default_layout","colormag_page_sidebar_layout":"default_layout","footnotes":""},"categories":[10],"tags":[],"class_list":["post-45597","post","type-post","status-publish","format-standard","has-post-thumbnail","hentry","category-opiniones"],"acf":[],"_links":{"self":[{"href":"https:\/\/vocesparalelas.com.ar\/sitio\/wp-json\/wp\/v2\/posts\/45597","targetHints":{"allow":["GET"]}}],"collection":[{"href":"https:\/\/vocesparalelas.com.ar\/sitio\/wp-json\/wp\/v2\/posts"}],"about":[{"href":"https:\/\/vocesparalelas.com.ar\/sitio\/wp-json\/wp\/v2\/types\/post"}],"author":[{"embeddable":true,"href":"https:\/\/vocesparalelas.com.ar\/sitio\/wp-json\/wp\/v2\/users\/3"}],"replies":[{"embeddable":true,"href":"https:\/\/vocesparalelas.com.ar\/sitio\/wp-json\/wp\/v2\/comments?post=45597"}],"version-history":[{"count":1,"href":"https:\/\/vocesparalelas.com.ar\/sitio\/wp-json\/wp\/v2\/posts\/45597\/revisions"}],"predecessor-version":[{"id":45601,"href":"https:\/\/vocesparalelas.com.ar\/sitio\/wp-json\/wp\/v2\/posts\/45597\/revisions\/45601"}],"wp:featuredmedia":[{"embeddable":true,"href":"https:\/\/vocesparalelas.com.ar\/sitio\/wp-json\/wp\/v2\/media\/45599"}],"wp:attachment":[{"href":"https:\/\/vocesparalelas.com.ar\/sitio\/wp-json\/wp\/v2\/media?parent=45597"}],"wp:term":[{"taxonomy":"category","embeddable":true,"href":"https:\/\/vocesparalelas.com.ar\/sitio\/wp-json\/wp\/v2\/categories?post=45597"},{"taxonomy":"post_tag","embeddable":true,"href":"https:\/\/vocesparalelas.com.ar\/sitio\/wp-json\/wp\/v2\/tags?post=45597"}],"curies":[{"name":"wp","href":"https:\/\/api.w.org\/{rel}","templated":true}]}}