{"id":45578,"date":"2022-01-18T21:23:52","date_gmt":"2022-01-19T00:23:52","guid":{"rendered":"https:\/\/vocesparalelas.com.ar\/sitio\/?p=45578"},"modified":"2022-01-18T21:48:27","modified_gmt":"2022-01-19T00:48:27","slug":"se-inauguro-el-cluster-de-energia-renovable-nacional-en-san-juan","status":"publish","type":"post","link":"https:\/\/vocesparalelas.com.ar\/sitio\/se-inauguro-el-cluster-de-energia-renovable-nacional-en-san-juan\/","title":{"rendered":"Se inaugur\u00f3 el Cl\u00faster de Energ\u00eda Renovable Nacional en San Juan"},"content":{"rendered":"<p>Con la presencia del presidente de la Naci\u00f3n, Dr. Alberto Fern\u00e1ndez, el gobernador de San Juan, Dr. Sergio U\u00f1ac, entre otras autoridades nacionales y provinciales, se llev\u00f3 a cabo la conformaci\u00f3n e inauguraci\u00f3n del Cl\u00faster de Energ\u00eda Renovables Nacional.<\/p>\n<p>El Cl\u00faster Renovable Nacional es un organismo p\u00fablico privado con representaci\u00f3n p\u00fablica de seis provincias productoras de bienes, tecnolog\u00edas y servicios asociados a la generaci\u00f3n el\u00e9ctrica de fuentes renovables: solar fotovoltaica, e\u00f3lica, hidroel\u00e9ctrica.<\/p>\n<p>Estas jurisdicciones se articulan para retomar el\u00a0dise\u00f1o, desarrollo e implementaci\u00f3n de equipamiento para generaci\u00f3n renovable nacional\u00a0inicialmente en estos territorios que ya cuentan con este desarrollo, adem\u00e1s de aptitudes \u00f3ptimas para el crecimiento en parques de generaci\u00f3n renovable de este tipo.<\/p>\n<p>La mesa de autoridades del importante acto, que se desarroll\u00f3 en el auditorio Eloy Camus del Centro C\u00edvico, se complet\u00f3 con el ministro de Desarrollo Productivo, Lic. Mat\u00edas Kulfas; el ministro de Econom\u00eda, Lic. Mart\u00edn Guzm\u00e1n; el ministro de Ambiente y Desarrollo Sostenible, Juan Cabandi\u00e9; el secretario de Energ\u00eda, Dar\u00edo Mart\u00ednez; los gobernadores de R\u00edo Negro, Arabela Carreras; de La Rioja, Ricardo Quintela; los vicegobernadores de Mendoza, Mario Abed y de San Juan, CPN Roberto Gattoni; y el gerente de Ingenier\u00eda y Desarrollo del EPSE, Ing. Victor Do\u00f1a; mientras que v\u00eda remota el gobernador de Neuqu\u00e9n, Omar Guti\u00e9rrez.<\/p>\n<p><img loading=\"lazy\" decoding=\"async\" class=\"alignnone size-large wp-image-45584\" src=\"https:\/\/vocesparalelas.com.ar\/sitio\/wp-content\/uploads\/2022\/01\/CLUTER-03-800x533.jpg\" alt=\"\" width=\"800\" height=\"533\" srcset=\"https:\/\/vocesparalelas.com.ar\/sitio\/wp-content\/uploads\/2022\/01\/CLUTER-03-800x533.jpg 800w, https:\/\/vocesparalelas.com.ar\/sitio\/wp-content\/uploads\/2022\/01\/CLUTER-03-300x200.jpg 300w, https:\/\/vocesparalelas.com.ar\/sitio\/wp-content\/uploads\/2022\/01\/CLUTER-03-768x512.jpg 768w, https:\/\/vocesparalelas.com.ar\/sitio\/wp-content\/uploads\/2022\/01\/CLUTER-03.jpg 1024w\" sizes=\"auto, (max-width: 800px) 100vw, 800px\" \/><\/p>\n<p>Adem\u00e1s, estuvieron presentes autoridades de EPSE (San Juan), Parque Arauco (La Rioja), IMPSA e ICSA (Mendoza), EMESA (Mendoza), ERSA (R\u00edo Negro), INVAP (R\u00edo Negro), ADI Agencia de Inversiones (Neuqu\u00e9n), ENSI (Neuqu\u00e9n), INTI y la Agencia Nacional de Ciencia y Tecnolog\u00eda. Adem\u00e1s de representantes de c\u00e1maras sectoriales: CIPIBIC, ADIMRA, ASINMET y CADIEEL, entre otras.<\/p>\n<p>En primer lugar, se dio lectura y el gobernador U\u00f1ac entreg\u00f3 el decreto de hu\u00e9sped oficial al presidente Alberto Fern\u00e1ndez. Luego, se present\u00f3 un video institucional en el marco del lanzamiento del Cl\u00faster y se prosigui\u00f3 a la firma del convenio entre IMPSA y EPSE, as\u00ed como la firma de un memor\u00e1ndum de entendimiento denominado Aprovechamiento Hidroenerg\u00e9tico Multiprop\u00f3sito El Tambolar y F\u00e1brica de Paneles Fotovoltaicos, el cual fue rubricado entre el gobernador Sergio U\u00f1ac y el secretario de Energ\u00eda, Dar\u00edo Mart\u00ednez. Seguidamente, se procedi\u00f3 a la firma para avanzar en la concreci\u00f3n del Cl\u00faster de Energ\u00eda Renovables Nacional entre Naci\u00f3n y las provincias participantes.<\/p>\n<p>El presidente Alberto Fern\u00e1ndez, en primer t\u00e9rmino se refiri\u00f3 a la construcci\u00f3n de viviendas para los afectados por el terremoto del pasado a\u00f1o y se mostr\u00f3 \u00abfeliz de estar hoy en San Juan y ver que todo ha avanzado\u00bb.<\/p>\n<p>El primer mandatario nacional se refiri\u00f3 al compromiso de la Naci\u00f3n para mitigar el cambio clim\u00e1tico, y en ese marco destac\u00f3 el creciente desarrollo de energ\u00edas renovables en el pa\u00eds, poniendo como ejemplo a San Juan, donde el 34% de la demanda energ\u00e9tica es satisfecha mediante energ\u00eda solar.<\/p>\n<p>Fern\u00e1ndez consider\u00f3 que es clave el aporte de la miner\u00eda en el desarrollo de la nueva matriz energ\u00e9tica, preservando el mediambiente y respetando el acuerdo social en aquellos lugares donde se desarrolla la actividad.<\/p>\n<p>Para el presidente, la conformaci\u00f3n del cl\u00faster es de suma importancia para el pa\u00eds: \u00abEstamos haciendo posible que la Argentina tenga energ\u00edas renovables, hecha en Argentina por argentinos. Eso es soberan\u00eda, no tener que depender de otro para poder tener lo que nos hace falta\u00bb, sentenci\u00f3.<\/p>\n<p>Cerrando su alocuci\u00f3n, el mandatario asever\u00f3 que \u00abeste es el camino para que la Argentina tenga la energ\u00eda que le hace falta, pero m\u00e1s seguro estoy de que este es el camino para que las generaciones futuras no nos acusen de haber destruido la casa en que vivimos\u00bb.<\/p>\n<p>Por su parte, el gobernador Sergio U\u00f1ac, en el inicio de su discurso\u00a0agradeci\u00f3 el apoyo de la Naci\u00f3n en la construcci\u00f3n de viviendas para los afectados por el terremoto\u00a0del 18 de enero de 2020 y la presencia del primer mandatario nacional en un momento tan complicado para los sanjuaninos.<\/p>\n<p>Seguidamente, el primer mandatario provincial se refiri\u00f3 a la\u00a0diversificaci\u00f3n de la matriz productiva provincial, comenzando por el desarrollo minero que se realiza bajo los m\u00e1s altos est\u00e1ndares de calidad y seguridad, seguido por el turismo y las energ\u00edas renovables, entre otros.<\/p>\n<p>En ese sentido, el gobernador consider\u00f3 que\u00a0la creaci\u00f3n del cl\u00faster significa un punto de inflexi\u00f3n, que servir\u00e1 para crear una nueva matriz energ\u00e9tica. \u00abEste cl\u00faster es la prueba de las cosas que podemos hacer en conjunto el Gobierno nacional y las provincias. La producci\u00f3n nacional es tambi\u00e9n sin\u00f3nimo de producci\u00f3n de energ\u00eda nacional\u00bb, se\u00f1al\u00f3.<\/p>\n<p>Para finalizar, U\u00f1ac se\u00f1al\u00f3 que la conformaci\u00f3n del cl\u00faster constituye \u00abun enorme desaf\u00edo conjunto pensando en que nuestro pa\u00eds y nuestra provincia no solo tienen presente si no tambi\u00e9n un brillante futuro\u00a0que estamos construyendo entre todos\u00bb.<\/p>\n<p>A su turno, el ministro de Desarrollo Productivo de la Naci\u00f3n, Mat\u00edas Kulfas, asever\u00f3 que el cl\u00faster constituye \u00abla puesta en marcha de una iniciativa largamente conversada y trabajada con actores productivos y gubernamentales que consiste en la\u00a0conformaci\u00f3n de un entramado productivo para la fabricaci\u00f3n nacional de equipamiento destinado a proveer energ\u00eda renovables en nuestro pa\u00eds y tambi\u00e9n para la exportaci\u00f3n\u201d.<\/p>\n<p>El titular de la cartera productiva nacional detall\u00f3 que el cl\u00faster\u00a0crear\u00e1 2250 puestos de trabajo directos y m\u00e1s de 4000 indirectos con una inversi\u00f3n pr\u00f3xima a los mil millones de d\u00f3lares, sustituyendo importaciones m\u00e1s trabajo y producci\u00f3n para\u00a0una cadena productiva de cerca de 250 pymes de todo el pa\u00eds\u00a0que van a trabajar integradas en este cl\u00faster.<\/p>\n<p>El titular del EPSE, V\u00edctor Do\u00f1a, consider\u00f3 que el lanzamiento del cl\u00faster es\u00a0un \u00abhito hist\u00f3rico\u00bb nacido gracias a la sinergia de seis provincias y la Naci\u00f3n\u00a0para el desarrollo de energ\u00edas renovables. Asimismo, explic\u00f3 que el objetivo principal del cl\u00faster es\u00a0maximizar el componente nacional\u00a0a trav\u00e9s de la sinergia de las provincias integrantes, siempre bajo el eje de la triple sustentabilidad.<\/p>\n<p>Adem\u00e1s, el funcionario provincial se refiri\u00f3 a las\u00a0\u00f3ptimas condiciones con las que cuenta San Juan para la generaci\u00f3n de energ\u00eda solar, destacando que actualmente\u00a0un tercio de la demanda energ\u00e9tica de San Juan es abastecida por energ\u00eda solar.<\/p>\n<p>&nbsp;<\/p>\n<h3>Acuerdo<\/h3>\n<p>Se firm\u00f3 un Acuerdo Marco entre el presidente de IMPSA y el presidente de EPSE mediante el cual se inici\u00f3 un proceso de articulaci\u00f3n entre las empresas, tanto para la gesti\u00f3n administrativa y comercial de la f\u00e1brica de EPSE por parte de la empresa ICSA, subsidiaria de IMPSA, como as\u00ed tambi\u00e9n de la construcci\u00f3n y operaci\u00f3n de futuros parques solares fotovoltaicos que EPSE planea desplegar en las provincias del Cl\u00faster.<\/p>\n<p>Adem\u00e1s, todos los participantes del cl\u00faster se comprometieron a realizar esfuerzos gubernamentales y empresariales para desarrollar un entramado productivo y tecnol\u00f3gico potente, con foco en el cumplimiento de los compromisos asumidos por el pa\u00eds en Par\u00eds COP21 (2015) y reafirmados en Glasgow COP26 (2020).<\/p>\n<p>Bajo el lema de \u201cenerg\u00edas renovables generadas en el pa\u00eds por mentes, manos y corazones argentinos\u201d, el cl\u00faster aspira a cambiar el futuro energ\u00e9tico del pa\u00eds a mediano y largo plazo, con una fuerte mirada federal en los desarrollos regionales.<\/p>\n<p><img loading=\"lazy\" decoding=\"async\" class=\"alignnone size-large wp-image-45582\" src=\"https:\/\/vocesparalelas.com.ar\/sitio\/wp-content\/uploads\/2022\/01\/CLUTER-01-800x534.jpg\" alt=\"\" width=\"800\" height=\"534\" srcset=\"https:\/\/vocesparalelas.com.ar\/sitio\/wp-content\/uploads\/2022\/01\/CLUTER-01-800x534.jpg 800w, https:\/\/vocesparalelas.com.ar\/sitio\/wp-content\/uploads\/2022\/01\/CLUTER-01-300x200.jpg 300w, https:\/\/vocesparalelas.com.ar\/sitio\/wp-content\/uploads\/2022\/01\/CLUTER-01-768x512.jpg 768w, https:\/\/vocesparalelas.com.ar\/sitio\/wp-content\/uploads\/2022\/01\/CLUTER-01.jpg 1024w\" sizes=\"auto, (max-width: 800px) 100vw, 800px\" \/><\/p>\n","protected":false},"excerpt":{"rendered":"<p>Con la presencia del presidente de la Naci\u00f3n, Dr. Alberto Fern\u00e1ndez, el gobernador de San Juan, Dr. Sergio U\u00f1ac, entre<\/p>\n","protected":false},"author":3,"featured_media":45583,"comment_status":"closed","ping_status":"closed","sticky":false,"template":"","format":"standard","meta":{"_acf_changed":false,"_seopress_robots_primary_cat":"none","_seopress_titles_title":"","_seopress_titles_desc":"","_seopress_robots_index":"","colormag_page_container_layout":"default_layout","colormag_page_sidebar_layout":"default_layout","footnotes":""},"categories":[1],"tags":[],"class_list":["post-45578","post","type-post","status-publish","format-standard","has-post-thumbnail","hentry","category-destacadas"],"acf":[],"_links":{"self":[{"href":"https:\/\/vocesparalelas.com.ar\/sitio\/wp-json\/wp\/v2\/posts\/45578","targetHints":{"allow":["GET"]}}],"collection":[{"href":"https:\/\/vocesparalelas.com.ar\/sitio\/wp-json\/wp\/v2\/posts"}],"about":[{"href":"https:\/\/vocesparalelas.com.ar\/sitio\/wp-json\/wp\/v2\/types\/post"}],"author":[{"embeddable":true,"href":"https:\/\/vocesparalelas.com.ar\/sitio\/wp-json\/wp\/v2\/users\/3"}],"replies":[{"embeddable":true,"href":"https:\/\/vocesparalelas.com.ar\/sitio\/wp-json\/wp\/v2\/comments?post=45578"}],"version-history":[{"count":5,"href":"https:\/\/vocesparalelas.com.ar\/sitio\/wp-json\/wp\/v2\/posts\/45578\/revisions"}],"predecessor-version":[{"id":45587,"href":"https:\/\/vocesparalelas.com.ar\/sitio\/wp-json\/wp\/v2\/posts\/45578\/revisions\/45587"}],"wp:featuredmedia":[{"embeddable":true,"href":"https:\/\/vocesparalelas.com.ar\/sitio\/wp-json\/wp\/v2\/media\/45583"}],"wp:attachment":[{"href":"https:\/\/vocesparalelas.com.ar\/sitio\/wp-json\/wp\/v2\/media?parent=45578"}],"wp:term":[{"taxonomy":"category","embeddable":true,"href":"https:\/\/vocesparalelas.com.ar\/sitio\/wp-json\/wp\/v2\/categories?post=45578"},{"taxonomy":"post_tag","embeddable":true,"href":"https:\/\/vocesparalelas.com.ar\/sitio\/wp-json\/wp\/v2\/tags?post=45578"}],"curies":[{"name":"wp","href":"https:\/\/api.w.org\/{rel}","templated":true}]}}