{"id":45534,"date":"2022-01-15T12:00:07","date_gmt":"2022-01-15T15:00:07","guid":{"rendered":"https:\/\/vocesparalelas.com.ar\/sitio\/?p=45534"},"modified":"2022-01-15T12:00:07","modified_gmt":"2022-01-15T15:00:07","slug":"los-padres-de-san-juan-transmitieron-la-necesidad-de-la-asistencia-de-los-dai-para-sus-hijos","status":"publish","type":"post","link":"https:\/\/vocesparalelas.com.ar\/sitio\/los-padres-de-san-juan-transmitieron-la-necesidad-de-la-asistencia-de-los-dai-para-sus-hijos\/","title":{"rendered":"Los padres de San Juan transmitieron la necesidad de la asistencia de los DAI para sus hijos"},"content":{"rendered":"<p>La ministro de Educaci\u00f3n del Gobierno de San Juan, Prof. Cecilia Trincado Moncho, las secretarias de Educaci\u00f3n Prof. Ana S\u00e1nchez y de Planificaci\u00f3n de Salud P\u00fablica, Lic. Alina Almaz\u00e1n, el Director de la Obra Social Provincia Dr. Miguel Grecco y la titular del \u00e1rea DAI de Desarrollo Humano, Natalia L\u00f3pez, recibieron a padres afiliados a la OSP cuyos hijos tienen asistencia de Docentes de Apoyo a la Inclusi\u00f3n &#8211; DAI.<\/p>\n<p>Tambi\u00e9n, participaron del encuentro los asesores legales de la OSP Dra. Sara L\u00f3pez y el Dr. Hern\u00e1n Ben\u00edtez y la gerente M\u00e9dica, Dra. Cecilia Sarmiento.<\/p>\n<p>Los padres estuvieron representados por una comitiva conformada por: Daniela Arroyo, Mar\u00edsel Ben\u00edtez y Daina Elizondo, contaron a las autoridades la situaci\u00f3n de los chicos y fundamentaron, la necesidad de la asistencia de las DAI.<\/p>\n<p>&nbsp;<\/p>\n<p>&nbsp;<\/p>\n<p>&nbsp;<\/p>\n","protected":false},"excerpt":{"rendered":"<p>La ministro de Educaci\u00f3n del Gobierno de San Juan, Prof. Cecilia Trincado Moncho, las secretarias de Educaci\u00f3n Prof. Ana S\u00e1nchez<\/p>\n","protected":false},"author":3,"featured_media":45536,"comment_status":"closed","ping_status":"closed","sticky":false,"template":"","format":"standard","meta":{"_acf_changed":false,"_seopress_robots_primary_cat":"none","_seopress_titles_title":"","_seopress_titles_desc":"","_seopress_robots_index":"","colormag_page_container_layout":"default_layout","colormag_page_sidebar_layout":"default_layout","footnotes":""},"categories":[1],"tags":[],"class_list":["post-45534","post","type-post","status-publish","format-standard","has-post-thumbnail","hentry","category-destacadas"],"acf":[],"_links":{"self":[{"href":"https:\/\/vocesparalelas.com.ar\/sitio\/wp-json\/wp\/v2\/posts\/45534","targetHints":{"allow":["GET"]}}],"collection":[{"href":"https:\/\/vocesparalelas.com.ar\/sitio\/wp-json\/wp\/v2\/posts"}],"about":[{"href":"https:\/\/vocesparalelas.com.ar\/sitio\/wp-json\/wp\/v2\/types\/post"}],"author":[{"embeddable":true,"href":"https:\/\/vocesparalelas.com.ar\/sitio\/wp-json\/wp\/v2\/users\/3"}],"replies":[{"embeddable":true,"href":"https:\/\/vocesparalelas.com.ar\/sitio\/wp-json\/wp\/v2\/comments?post=45534"}],"version-history":[{"count":1,"href":"https:\/\/vocesparalelas.com.ar\/sitio\/wp-json\/wp\/v2\/posts\/45534\/revisions"}],"predecessor-version":[{"id":45537,"href":"https:\/\/vocesparalelas.com.ar\/sitio\/wp-json\/wp\/v2\/posts\/45534\/revisions\/45537"}],"wp:featuredmedia":[{"embeddable":true,"href":"https:\/\/vocesparalelas.com.ar\/sitio\/wp-json\/wp\/v2\/media\/45536"}],"wp:attachment":[{"href":"https:\/\/vocesparalelas.com.ar\/sitio\/wp-json\/wp\/v2\/media?parent=45534"}],"wp:term":[{"taxonomy":"category","embeddable":true,"href":"https:\/\/vocesparalelas.com.ar\/sitio\/wp-json\/wp\/v2\/categories?post=45534"},{"taxonomy":"post_tag","embeddable":true,"href":"https:\/\/vocesparalelas.com.ar\/sitio\/wp-json\/wp\/v2\/tags?post=45534"}],"curies":[{"name":"wp","href":"https:\/\/api.w.org\/{rel}","templated":true}]}}