{"id":45531,"date":"2022-01-14T21:27:22","date_gmt":"2022-01-15T00:27:22","guid":{"rendered":"https:\/\/vocesparalelas.com.ar\/sitio\/?p=45531"},"modified":"2022-01-14T21:27:22","modified_gmt":"2022-01-15T00:27:22","slug":"como-separar-los-residuos-en-origen","status":"publish","type":"post","link":"https:\/\/vocesparalelas.com.ar\/sitio\/como-separar-los-residuos-en-origen\/","title":{"rendered":"\u00bfC\u00f3mo separar los residuos en origen?"},"content":{"rendered":"<p>El Gobierno de San Juan, a trav\u00e9s de la Secretar\u00eda de Ambiente y Desarrollo Sustentable trabaja en un plan integral para preservar nuestro entorno natural implementando iniciativas orientadas al desarrollo sostenible de la provincia, que contribuyan en la lucha global contra el cambio clim\u00e1tico.<\/p>\n<p>Como parte de esto y con el fin de mejorar la calidad de vida de los sanjuaninos, se trabaja junto a los 19 municipios para realizar la gesti\u00f3n responsable de los residuos.<\/p>\n<p>Desde que asumi\u00f3 a cargo del \u00e1rea, el secretario Francisco Guevara y el equipo de trabajo que lo acompa\u00f1a iniciaron una serie de programas y proyectos para fortalecer la responsabilidad en los ciudadanos para el manejo de residuos, su separaci\u00f3n y correspondiente reciclado.<\/p>\n<p><strong><span style=\"color: #99cc00;\">Concepto de separar en origen<\/span><\/strong><\/p>\n<p>Separar en origen es el primer paso del proceso de reciclaje. Comienza en el hogar, disponiendo por un lado los materiales que pueden ser reciclados y, por otro, la denominada \u00abbasura\u00bb.<\/p>\n<p><strong><span style=\"color: #99cc00;\">Materiales que son reciclables<\/span><\/strong><\/p>\n<p>Papel y cart\u00f3n (cajas, tetra breack, revistas, diarios), pl\u00e1sticos (botellas, bidones, sachets, vajilla descartable), metales (latas de conservas y de bebidas, llaves, desodorantes) y vidrio (botellas y frascos); siempre y cuando est\u00e9n limpios y secos.<\/p>\n<p><span style=\"color: #99cc00;\"><strong>\u00bfQu\u00e9 el poder separarlos sea un h\u00e1bito?<\/strong><\/span><\/p>\n<p>En el hogar se pueden colocar dos tachos diferenciados, uno para los reciclables y otro para la basura.<\/p>\n<p><strong><span style=\"color: #99cc00;\">\u00bfD\u00f3nde dejar los reciclables?<\/span><\/strong><\/p>\n<p>La Secretar\u00eda de Ambiente y Desarrollo Sustentable cuenta con puntos de recepci\u00f3n de materiales reciclables en hipermercados y espacios de consumo:<\/p>\n<ul>\n<li>Hiper Libertad<\/li>\n<li>Hiper Chango M\u00e1s<\/li>\n<li>Alto del Bono Shopping<\/li>\n<\/ul>\n<p>Cabe recordar adem\u00e1s que cada municipio tiene un sistema diferencial de recolecci\u00f3n de acuerdo a d\u00edas y horarios que ellos mismos determinan. Para m\u00e1s informaci\u00f3n, se recomienda acercarse al municipio de residencia.<\/p>\n<p><strong><span style=\"color: #99cc00;\">\u00bfD\u00f3nde terminan los reciclables?<\/span><\/strong><\/p>\n<p>Los materiales recolectados son derivados a los centros de tratamiento de residuos s\u00f3lidos urbanos. La provincia cuenta con 7 centros y 2 puntos de trasbordo divididos en zonas, m\u00e1s el Parque de Tecnolog\u00edas Ambientales, donde los trabajadores le agregan valor a los reciclables con clasificaci\u00f3n y procesamiento, para luego volver a la industria, donde el ciclo vuelve a comenzar.<\/p>\n<p>&nbsp;<\/p>\n<p>&nbsp;<\/p>\n","protected":false},"excerpt":{"rendered":"<p>El Gobierno de San Juan, a trav\u00e9s de la Secretar\u00eda de Ambiente y Desarrollo Sustentable trabaja en un plan integral<\/p>\n","protected":false},"author":3,"featured_media":18373,"comment_status":"closed","ping_status":"closed","sticky":false,"template":"","format":"standard","meta":{"_acf_changed":false,"_seopress_robots_primary_cat":"none","_seopress_titles_title":"","_seopress_titles_desc":"","_seopress_robots_index":"","colormag_page_container_layout":"default_layout","colormag_page_sidebar_layout":"default_layout","footnotes":""},"categories":[1],"tags":[],"class_list":["post-45531","post","type-post","status-publish","format-standard","has-post-thumbnail","hentry","category-destacadas"],"acf":[],"_links":{"self":[{"href":"https:\/\/vocesparalelas.com.ar\/sitio\/wp-json\/wp\/v2\/posts\/45531","targetHints":{"allow":["GET"]}}],"collection":[{"href":"https:\/\/vocesparalelas.com.ar\/sitio\/wp-json\/wp\/v2\/posts"}],"about":[{"href":"https:\/\/vocesparalelas.com.ar\/sitio\/wp-json\/wp\/v2\/types\/post"}],"author":[{"embeddable":true,"href":"https:\/\/vocesparalelas.com.ar\/sitio\/wp-json\/wp\/v2\/users\/3"}],"replies":[{"embeddable":true,"href":"https:\/\/vocesparalelas.com.ar\/sitio\/wp-json\/wp\/v2\/comments?post=45531"}],"version-history":[{"count":1,"href":"https:\/\/vocesparalelas.com.ar\/sitio\/wp-json\/wp\/v2\/posts\/45531\/revisions"}],"predecessor-version":[{"id":45533,"href":"https:\/\/vocesparalelas.com.ar\/sitio\/wp-json\/wp\/v2\/posts\/45531\/revisions\/45533"}],"wp:featuredmedia":[{"embeddable":true,"href":"https:\/\/vocesparalelas.com.ar\/sitio\/wp-json\/wp\/v2\/media\/18373"}],"wp:attachment":[{"href":"https:\/\/vocesparalelas.com.ar\/sitio\/wp-json\/wp\/v2\/media?parent=45531"}],"wp:term":[{"taxonomy":"category","embeddable":true,"href":"https:\/\/vocesparalelas.com.ar\/sitio\/wp-json\/wp\/v2\/categories?post=45531"},{"taxonomy":"post_tag","embeddable":true,"href":"https:\/\/vocesparalelas.com.ar\/sitio\/wp-json\/wp\/v2\/tags?post=45531"}],"curies":[{"name":"wp","href":"https:\/\/api.w.org\/{rel}","templated":true}]}}