{"id":45527,"date":"2022-01-14T21:10:50","date_gmt":"2022-01-15T00:10:50","guid":{"rendered":"https:\/\/vocesparalelas.com.ar\/sitio\/?p=45527"},"modified":"2022-01-14T21:22:27","modified_gmt":"2022-01-15T00:22:27","slug":"avanzan-en-la-agenda-interministerial-2022-en-san-juan","status":"publish","type":"post","link":"https:\/\/vocesparalelas.com.ar\/sitio\/avanzan-en-la-agenda-interministerial-2022-en-san-juan\/","title":{"rendered":"Avanzan en la agenda interministerial 2022 en San Juan"},"content":{"rendered":"<p>La Ministro de Educaci\u00f3n del Gobierno de San juan, Prof. Cecilia Trincado Moncho, recibi\u00f3 al director de las Juventudes Emiliano Paradiso y a la encargada de Pol\u00edticas P\u00fablicas Silvia Aguado, con quienes analiz\u00f3 acciones para articular el trabajo conjunto en pos de la inclusi\u00f3n de los j\u00f3venes a las pol\u00edticas p\u00fablicas.<\/p>\n<p>Teniendo en cuenta los intereses de los j\u00f3venes, buscan promover la participaci\u00f3n a trav\u00e9s de espacios de comunicaci\u00f3n, debate y capacitaci\u00f3n como los Centros de Estudiantes.<\/p>\n<p>Otro de los temas, fue el de becas de transporte. Evaluaron las diversas opciones con las que cuentan cada uno de los ministerios y como optimizar los recursos para el mayor beneficio de los j\u00f3venes.<\/p>\n<p>Tambi\u00e9n, consideraron posibilitar acciones para orientar proyectos de emprendedurismo.<\/p>\n<p>Adem\u00e1s, evaluaron la posibilidad de implementar estrategias y acciones de articulaci\u00f3n conjunta con organizaciones sociales, barriales, comunitarias, organismos gubernamentales y centros de formaci\u00f3n, a fin de generar redes y mecanismos que contribuyan al desarrollo de pol\u00edticas p\u00fablicas integrales para los j\u00f3venes.<\/p>\n","protected":false},"excerpt":{"rendered":"<p>La Ministro de Educaci\u00f3n del Gobierno de San juan, Prof. Cecilia Trincado Moncho, recibi\u00f3 al director de las Juventudes Emiliano<\/p>\n","protected":false},"author":3,"featured_media":45529,"comment_status":"closed","ping_status":"closed","sticky":false,"template":"","format":"standard","meta":{"_acf_changed":false,"_seopress_robots_primary_cat":"none","_seopress_titles_title":"","_seopress_titles_desc":"","_seopress_robots_index":"","colormag_page_container_layout":"default_layout","colormag_page_sidebar_layout":"default_layout","footnotes":""},"categories":[1],"tags":[],"class_list":["post-45527","post","type-post","status-publish","format-standard","has-post-thumbnail","hentry","category-destacadas"],"acf":[],"_links":{"self":[{"href":"https:\/\/vocesparalelas.com.ar\/sitio\/wp-json\/wp\/v2\/posts\/45527","targetHints":{"allow":["GET"]}}],"collection":[{"href":"https:\/\/vocesparalelas.com.ar\/sitio\/wp-json\/wp\/v2\/posts"}],"about":[{"href":"https:\/\/vocesparalelas.com.ar\/sitio\/wp-json\/wp\/v2\/types\/post"}],"author":[{"embeddable":true,"href":"https:\/\/vocesparalelas.com.ar\/sitio\/wp-json\/wp\/v2\/users\/3"}],"replies":[{"embeddable":true,"href":"https:\/\/vocesparalelas.com.ar\/sitio\/wp-json\/wp\/v2\/comments?post=45527"}],"version-history":[{"count":1,"href":"https:\/\/vocesparalelas.com.ar\/sitio\/wp-json\/wp\/v2\/posts\/45527\/revisions"}],"predecessor-version":[{"id":45530,"href":"https:\/\/vocesparalelas.com.ar\/sitio\/wp-json\/wp\/v2\/posts\/45527\/revisions\/45530"}],"wp:featuredmedia":[{"embeddable":true,"href":"https:\/\/vocesparalelas.com.ar\/sitio\/wp-json\/wp\/v2\/media\/45529"}],"wp:attachment":[{"href":"https:\/\/vocesparalelas.com.ar\/sitio\/wp-json\/wp\/v2\/media?parent=45527"}],"wp:term":[{"taxonomy":"category","embeddable":true,"href":"https:\/\/vocesparalelas.com.ar\/sitio\/wp-json\/wp\/v2\/categories?post=45527"},{"taxonomy":"post_tag","embeddable":true,"href":"https:\/\/vocesparalelas.com.ar\/sitio\/wp-json\/wp\/v2\/tags?post=45527"}],"curies":[{"name":"wp","href":"https:\/\/api.w.org\/{rel}","templated":true}]}}