{"id":45519,"date":"2022-01-14T00:36:03","date_gmt":"2022-01-14T03:36:03","guid":{"rendered":"https:\/\/vocesparalelas.com.ar\/sitio\/?p=45519"},"modified":"2022-01-14T01:38:11","modified_gmt":"2022-01-14T04:38:11","slug":"analizaron-el-plan-estrategico-del-seciti-san-juan","status":"publish","type":"post","link":"https:\/\/vocesparalelas.com.ar\/sitio\/analizaron-el-plan-estrategico-del-seciti-san-juan\/","title":{"rendered":"Analizaron el Plan Estrat\u00e9gico del SECITI San Juan"},"content":{"rendered":"<p>El gobernador de San Juan, Dr. Sergio U\u00f1ac se reuni\u00f3 con la secretaria de Ciencia, Tecnolog\u00eda e Innovaci\u00f3n &#8211; SECITI -, Ing. Marita Benavente. El encuentro se desarroll\u00f3 en Casa de Gobierno y tuvo como eje revisar el plan estrat\u00e9gico de la cartera.<\/p>\n<p>Durante la reuni\u00f3n, adem\u00e1s, revisaron las plataformas sobre las cuales trabajar\u00e1 la provincia y analizaron los compromisos asumidos de vinculaci\u00f3n con Naci\u00f3n para cada<br \/>\nuna de las plataformas.<\/p>\n<p>Tras el encuentro, Marita Benavente cont\u00f3 que las plataformas que utilizar\u00e1n y potenciar\u00e1n a trav\u00e9s de distintas estrategias ser\u00e1n: Agua y ambiente; Alimentos y semillas; Salud y medicamentos; Miner\u00eda y complejo metal mec\u00e1nico; Ciencias de la astronom\u00eda; Econom\u00eda 4.0; y energ\u00edas renovables.<\/p>\n<p>Al respecto, la secretaria de Estado manifest\u00f3 que \u00abbuscamos avanzar hacia el objetivo de la sociedad del conocimiento y para ello debemos trabajar durante estos dos a\u00f1os en las plataformas, lo que no va a impedir trabajar en otras \u00e1reas dentro de Ciencia y Tecnolog\u00eda como venimos realizando\u00bb.<\/p>\n","protected":false},"excerpt":{"rendered":"<p>El gobernador de San Juan, Dr. Sergio U\u00f1ac se reuni\u00f3 con la secretaria de Ciencia, Tecnolog\u00eda e Innovaci\u00f3n &#8211; SECITI<\/p>\n","protected":false},"author":3,"featured_media":45521,"comment_status":"closed","ping_status":"closed","sticky":false,"template":"","format":"standard","meta":{"_acf_changed":false,"_seopress_robots_primary_cat":"none","_seopress_titles_title":"","_seopress_titles_desc":"","_seopress_robots_index":"","colormag_page_container_layout":"default_layout","colormag_page_sidebar_layout":"default_layout","footnotes":""},"categories":[1],"tags":[],"class_list":["post-45519","post","type-post","status-publish","format-standard","has-post-thumbnail","hentry","category-destacadas"],"acf":[],"_links":{"self":[{"href":"https:\/\/vocesparalelas.com.ar\/sitio\/wp-json\/wp\/v2\/posts\/45519","targetHints":{"allow":["GET"]}}],"collection":[{"href":"https:\/\/vocesparalelas.com.ar\/sitio\/wp-json\/wp\/v2\/posts"}],"about":[{"href":"https:\/\/vocesparalelas.com.ar\/sitio\/wp-json\/wp\/v2\/types\/post"}],"author":[{"embeddable":true,"href":"https:\/\/vocesparalelas.com.ar\/sitio\/wp-json\/wp\/v2\/users\/3"}],"replies":[{"embeddable":true,"href":"https:\/\/vocesparalelas.com.ar\/sitio\/wp-json\/wp\/v2\/comments?post=45519"}],"version-history":[{"count":1,"href":"https:\/\/vocesparalelas.com.ar\/sitio\/wp-json\/wp\/v2\/posts\/45519\/revisions"}],"predecessor-version":[{"id":45522,"href":"https:\/\/vocesparalelas.com.ar\/sitio\/wp-json\/wp\/v2\/posts\/45519\/revisions\/45522"}],"wp:featuredmedia":[{"embeddable":true,"href":"https:\/\/vocesparalelas.com.ar\/sitio\/wp-json\/wp\/v2\/media\/45521"}],"wp:attachment":[{"href":"https:\/\/vocesparalelas.com.ar\/sitio\/wp-json\/wp\/v2\/media?parent=45519"}],"wp:term":[{"taxonomy":"category","embeddable":true,"href":"https:\/\/vocesparalelas.com.ar\/sitio\/wp-json\/wp\/v2\/categories?post=45519"},{"taxonomy":"post_tag","embeddable":true,"href":"https:\/\/vocesparalelas.com.ar\/sitio\/wp-json\/wp\/v2\/tags?post=45519"}],"curies":[{"name":"wp","href":"https:\/\/api.w.org\/{rel}","templated":true}]}}