{"id":45500,"date":"2022-01-12T23:51:39","date_gmt":"2022-01-13T02:51:39","guid":{"rendered":"https:\/\/vocesparalelas.com.ar\/sitio\/?p=45500"},"modified":"2022-01-14T23:01:40","modified_gmt":"2022-01-15T02:01:40","slug":"aportes-no-reembolsables-para-emprendimientos-con-perspectiva-de-genero","status":"publish","type":"post","link":"https:\/\/vocesparalelas.com.ar\/sitio\/aportes-no-reembolsables-para-emprendimientos-con-perspectiva-de-genero\/","title":{"rendered":"Aportes No Reembolsables para emprendimientos con perspectiva de g\u00e9nero"},"content":{"rendered":"<p>Desde la Agencia Calidad San Juan, dependiente del Ministerio de Producci\u00f3n y Desarrollo Econ\u00f3mico del Gobierno de San Juan informaron que est\u00e1 vigente un beneficio para que, emprendimientos con perspectiva de g\u00e9nero, puedan acceder a un Aporte No Reembolsable\u00a0(ANR).<\/p>\n<p>Son dos las l\u00edneas, la primera es para que los que se encuentran en estadio de ideaci\u00f3n y puesta en marcha puedan acceder a un ANR de\u00a0hasta $550.000.<\/p>\n<p>Por otro lado, los emprendimientos que se encuentren en estadio de desarrollo inicial y crecimiento pueden acceder a un ANR de\u00a0hasta $1.500.000.<\/p>\n<p><span style=\"color: #99cc00;\"><strong>Para acceder al aporte el emprendimiento tiene que cumplir los siguientes requisitos:<\/strong><\/span><\/p>\n<ul>\n<li>Estar liderados por mujeres<\/li>\n<li>Realizar acciones que fomenten la disminuci\u00f3n de brechas de g\u00e9nero y contribuyan a la paridad hacia el futuro<\/li>\n<li>Desarrollar u ofrecer productos o servicios que, de forma manifiesta, apunten a fortalecer la equidad de g\u00e9nero, comunicar de forma inclusiva, mejorar la calidad de vida de las mujeres y\/o personas de identidad de g\u00e9nero no binaria, respete y\/o valore las diversidades sexuales y destine presupuesto espec\u00edfico a la inversi\u00f3n en pol\u00edtica de g\u00e9nero.<\/li>\n<\/ul>\n<p>Las personas interesadas tienen tiempo de postular sus proyectos hasta el 31 de enero a trav\u00e9s del correo electr\u00f3nico<\/p>\n<p><span id=\"cloakaa1e8a6d682ba9b361b0ff570125c95e\"><a href=\"mailto:emprendedores@calidadsj.com.ar\">emprendedores@calidadsj.com.ar<\/a><\/span><\/p>\n","protected":false},"excerpt":{"rendered":"<p>Desde la Agencia Calidad San Juan, dependiente del Ministerio de Producci\u00f3n y Desarrollo Econ\u00f3mico del Gobierno de San Juan informaron<\/p>\n","protected":false},"author":3,"featured_media":29298,"comment_status":"closed","ping_status":"closed","sticky":false,"template":"","format":"standard","meta":{"_acf_changed":false,"_seopress_robots_primary_cat":"none","_seopress_titles_title":"","_seopress_titles_desc":"","_seopress_robots_index":"","colormag_page_container_layout":"default_layout","colormag_page_sidebar_layout":"default_layout","footnotes":""},"categories":[2],"tags":[],"class_list":["post-45500","post","type-post","status-publish","format-standard","has-post-thumbnail","hentry","category-convocatorias"],"acf":[],"_links":{"self":[{"href":"https:\/\/vocesparalelas.com.ar\/sitio\/wp-json\/wp\/v2\/posts\/45500","targetHints":{"allow":["GET"]}}],"collection":[{"href":"https:\/\/vocesparalelas.com.ar\/sitio\/wp-json\/wp\/v2\/posts"}],"about":[{"href":"https:\/\/vocesparalelas.com.ar\/sitio\/wp-json\/wp\/v2\/types\/post"}],"author":[{"embeddable":true,"href":"https:\/\/vocesparalelas.com.ar\/sitio\/wp-json\/wp\/v2\/users\/3"}],"replies":[{"embeddable":true,"href":"https:\/\/vocesparalelas.com.ar\/sitio\/wp-json\/wp\/v2\/comments?post=45500"}],"version-history":[{"count":1,"href":"https:\/\/vocesparalelas.com.ar\/sitio\/wp-json\/wp\/v2\/posts\/45500\/revisions"}],"predecessor-version":[{"id":45502,"href":"https:\/\/vocesparalelas.com.ar\/sitio\/wp-json\/wp\/v2\/posts\/45500\/revisions\/45502"}],"wp:featuredmedia":[{"embeddable":true,"href":"https:\/\/vocesparalelas.com.ar\/sitio\/wp-json\/wp\/v2\/media\/29298"}],"wp:attachment":[{"href":"https:\/\/vocesparalelas.com.ar\/sitio\/wp-json\/wp\/v2\/media?parent=45500"}],"wp:term":[{"taxonomy":"category","embeddable":true,"href":"https:\/\/vocesparalelas.com.ar\/sitio\/wp-json\/wp\/v2\/categories?post=45500"},{"taxonomy":"post_tag","embeddable":true,"href":"https:\/\/vocesparalelas.com.ar\/sitio\/wp-json\/wp\/v2\/tags?post=45500"}],"curies":[{"name":"wp","href":"https:\/\/api.w.org\/{rel}","templated":true}]}}