{"id":45386,"date":"2022-01-05T22:05:21","date_gmt":"2022-01-06T01:05:21","guid":{"rendered":"https:\/\/vocesparalelas.com.ar\/sitio\/?p=45386"},"modified":"2022-01-08T12:12:46","modified_gmt":"2022-01-08T15:12:46","slug":"apertura-de-la-ruta-aerea-san-juan-con-cordoba","status":"publish","type":"post","link":"https:\/\/vocesparalelas.com.ar\/sitio\/apertura-de-la-ruta-aerea-san-juan-con-cordoba\/","title":{"rendered":"Apertura de la ruta a\u00e9rea San Juan con C\u00f3rdoba"},"content":{"rendered":"<p>Desde el Mi\u00e9rcoles, 5 de Enero de 2022, se concretaron los dos primeros vuelos que unen San Juan con C\u00f3rdoba, permitiendo a la provincia potenciar el turismo nacional e internacional.<\/p>\n<p>Aerol\u00edneas Argentinas inform\u00f3 que hasta fines de Marzo se encuentran habilitadas fechas para comprar pasajes en las boleter\u00edas de la empresa o agencias de viajes.<\/p>\n<p>Desde el anuncio de esta nueva ruta, el 18 de Diciembre, durante el cierre de a\u00f1o de la actividad tur\u00edstica 2021 organizado por la C\u00e1mara Argentina de Turismo que se realiz\u00f3 en San Juan, hubo una muy buena venta de boletos tanto desde C\u00f3rdoba a San Juan, como de San Juan a C\u00f3rdoba.<\/p>\n<p>&nbsp;<\/p>\n","protected":false},"excerpt":{"rendered":"<p>Desde el Mi\u00e9rcoles, 5 de Enero de 2022, se concretaron los dos primeros vuelos que unen San Juan con C\u00f3rdoba,<\/p>\n","protected":false},"author":3,"featured_media":45388,"comment_status":"closed","ping_status":"closed","sticky":false,"template":"","format":"standard","meta":{"_acf_changed":false,"_seopress_robots_primary_cat":"none","_seopress_titles_title":"","_seopress_titles_desc":"","_seopress_robots_index":"","colormag_page_container_layout":"default_layout","colormag_page_sidebar_layout":"default_layout","footnotes":""},"categories":[5],"tags":[],"class_list":["post-45386","post","type-post","status-publish","format-standard","has-post-thumbnail","hentry","category-ofrecimientos"],"acf":[],"_links":{"self":[{"href":"https:\/\/vocesparalelas.com.ar\/sitio\/wp-json\/wp\/v2\/posts\/45386","targetHints":{"allow":["GET"]}}],"collection":[{"href":"https:\/\/vocesparalelas.com.ar\/sitio\/wp-json\/wp\/v2\/posts"}],"about":[{"href":"https:\/\/vocesparalelas.com.ar\/sitio\/wp-json\/wp\/v2\/types\/post"}],"author":[{"embeddable":true,"href":"https:\/\/vocesparalelas.com.ar\/sitio\/wp-json\/wp\/v2\/users\/3"}],"replies":[{"embeddable":true,"href":"https:\/\/vocesparalelas.com.ar\/sitio\/wp-json\/wp\/v2\/comments?post=45386"}],"version-history":[{"count":1,"href":"https:\/\/vocesparalelas.com.ar\/sitio\/wp-json\/wp\/v2\/posts\/45386\/revisions"}],"predecessor-version":[{"id":45389,"href":"https:\/\/vocesparalelas.com.ar\/sitio\/wp-json\/wp\/v2\/posts\/45386\/revisions\/45389"}],"wp:featuredmedia":[{"embeddable":true,"href":"https:\/\/vocesparalelas.com.ar\/sitio\/wp-json\/wp\/v2\/media\/45388"}],"wp:attachment":[{"href":"https:\/\/vocesparalelas.com.ar\/sitio\/wp-json\/wp\/v2\/media?parent=45386"}],"wp:term":[{"taxonomy":"category","embeddable":true,"href":"https:\/\/vocesparalelas.com.ar\/sitio\/wp-json\/wp\/v2\/categories?post=45386"},{"taxonomy":"post_tag","embeddable":true,"href":"https:\/\/vocesparalelas.com.ar\/sitio\/wp-json\/wp\/v2\/tags?post=45386"}],"curies":[{"name":"wp","href":"https:\/\/api.w.org\/{rel}","templated":true}]}}