{"id":45329,"date":"2022-01-01T14:19:32","date_gmt":"2022-01-01T17:19:32","guid":{"rendered":"https:\/\/vocesparalelas.com.ar\/sitio\/?p=45329"},"modified":"2022-01-05T00:31:51","modified_gmt":"2022-01-05T03:31:51","slug":"atencion-al-publico-en-el-area-administrativa-del-ministerio-de-educacion-de-san-juan","status":"publish","type":"post","link":"https:\/\/vocesparalelas.com.ar\/sitio\/atencion-al-publico-en-el-area-administrativa-del-ministerio-de-educacion-de-san-juan\/","title":{"rendered":"Atenci\u00f3n al p\u00fablico en el \u00e1rea Administrativa del Ministerio de Educaci\u00f3n de San Juan"},"content":{"rendered":"<p>La Direcci\u00f3n Administrativa, la Oficina de Personal Administrativo y de Servicios Generales del Ministerio de Educaci\u00f3n del Gobierno de San Juan informa que el horario de atenci\u00f3n al p\u00fablico es de 8 a 13 horas a partir del 3 al 31 de Enero de 2022.<\/p>\n<p>Por consultas o mayor informaci\u00f3n comunicarse de 8 a 13 horas al 4305702.<\/p>\n","protected":false},"excerpt":{"rendered":"<p>La Direcci\u00f3n Administrativa, la Oficina de Personal Administrativo y de Servicios Generales del Ministerio de Educaci\u00f3n del Gobierno de San<\/p>\n","protected":false},"author":3,"featured_media":43597,"comment_status":"closed","ping_status":"closed","sticky":false,"template":"","format":"standard","meta":{"_acf_changed":false,"_seopress_robots_primary_cat":"none","_seopress_titles_title":"","_seopress_titles_desc":"","_seopress_robots_index":"","colormag_page_container_layout":"default_layout","colormag_page_sidebar_layout":"default_layout","footnotes":""},"categories":[5],"tags":[],"class_list":["post-45329","post","type-post","status-publish","format-standard","has-post-thumbnail","hentry","category-ofrecimientos"],"acf":[],"_links":{"self":[{"href":"https:\/\/vocesparalelas.com.ar\/sitio\/wp-json\/wp\/v2\/posts\/45329","targetHints":{"allow":["GET"]}}],"collection":[{"href":"https:\/\/vocesparalelas.com.ar\/sitio\/wp-json\/wp\/v2\/posts"}],"about":[{"href":"https:\/\/vocesparalelas.com.ar\/sitio\/wp-json\/wp\/v2\/types\/post"}],"author":[{"embeddable":true,"href":"https:\/\/vocesparalelas.com.ar\/sitio\/wp-json\/wp\/v2\/users\/3"}],"replies":[{"embeddable":true,"href":"https:\/\/vocesparalelas.com.ar\/sitio\/wp-json\/wp\/v2\/comments?post=45329"}],"version-history":[{"count":1,"href":"https:\/\/vocesparalelas.com.ar\/sitio\/wp-json\/wp\/v2\/posts\/45329\/revisions"}],"predecessor-version":[{"id":45331,"href":"https:\/\/vocesparalelas.com.ar\/sitio\/wp-json\/wp\/v2\/posts\/45329\/revisions\/45331"}],"wp:featuredmedia":[{"embeddable":true,"href":"https:\/\/vocesparalelas.com.ar\/sitio\/wp-json\/wp\/v2\/media\/43597"}],"wp:attachment":[{"href":"https:\/\/vocesparalelas.com.ar\/sitio\/wp-json\/wp\/v2\/media?parent=45329"}],"wp:term":[{"taxonomy":"category","embeddable":true,"href":"https:\/\/vocesparalelas.com.ar\/sitio\/wp-json\/wp\/v2\/categories?post=45329"},{"taxonomy":"post_tag","embeddable":true,"href":"https:\/\/vocesparalelas.com.ar\/sitio\/wp-json\/wp\/v2\/tags?post=45329"}],"curies":[{"name":"wp","href":"https:\/\/api.w.org\/{rel}","templated":true}]}}